{"id":149069,"date":"2014-04-08T17:20:02","date_gmt":"2014-04-08T15:20:02","guid":{"rendered":"http:\/\/www.radioluna.it\/news\/?p=149069"},"modified":"2014-04-08T17:20:02","modified_gmt":"2014-04-08T15:20:02","slug":"porto-canale-di-rio-martino-riunione-in-comune","status":"publish","type":"post","link":"https:\/\/www.radioluna.it\/news\/2014\/04\/porto-canale-di-rio-martino-riunione-in-comune\/","title":{"rendered":"Porto Canale di Rio Martino, riunione in Comune"},"content":{"rendered":"<div id=\"fb-root\"><\/div>\n<p style=\"text-align: justify;\"><strong><img loading=\"lazy\" decoding=\"async\" class=\"alignleft size-medium wp-image-17767\" alt=\"800px-Riomartino\" src=\"http:\/\/www.radioluna.it\/news\/wp-content\/uploads\/2010\/09\/800px-Riomartino-300x225.jpg\" width=\"300\" height=\"225\" srcset=\"https:\/\/www.radioluna.it\/news\/wp-content\/uploads\/2010\/09\/800px-Riomartino-300x225.jpg 300w, https:\/\/www.radioluna.it\/news\/wp-content\/uploads\/2010\/09\/800px-Riomartino-768x576.jpg 768w, https:\/\/www.radioluna.it\/news\/wp-content\/uploads\/2010\/09\/800px-Riomartino-500x375.jpg 500w, https:\/\/www.radioluna.it\/news\/wp-content\/uploads\/2010\/09\/800px-Riomartino.jpg 800w\" sizes=\"auto, (max-width: 300px) 100vw, 300px\" \/>LATINA &#8211;<\/strong> Convocata dal sindaco Giovanni Di Giorgi e con la partecipazione di tutti i soggetti pubblici coinvolti, si \u00e8 tenuta nel palazzo comunale un\u2019apposita riunione sul tema della darsena del porto-canale di Rio Martino.<br \/>\nL\u2019obiettivo dell\u2019incontro era quella di valutare, nelle more dell\u2019assegnazione dei lavori da parte della Provincia per il completamento dei lavori stessi nel porto-canale, la possibilit\u00e0 di usufruire del canale e della darsena nel corso di esecuzione dei lavori, al fine di evitare il prolungato blocco delle attivit\u00e0 legate alla struttura con le relative ripercussioni negative sull\u2019economia locale.<br \/>\nSulla base degli elementi riscontrati, sono stati evidenziati due aspetti critici che rappresentano altrettante difficolt\u00e0 da superare per la ripresa delle attivit\u00e0:<br \/>\n&#8211; \u00e8 necessario attendere l\u2019aggiudicazione dei lavori da parte dell\u2019amministrazione provinciale per poter stipulare un accordo con la ditta aggiudicataria e procedere, quindi, all\u2019utilizzo temporaneo del canale stesso anche nel corso dei lavori;<br \/>\n&#8211; la Regione non ha ancora rinnovato la concessione demaniale al Comune di Latina; al riguardo il Comune di Latina incalzer\u00e0 la Regione per una sollecita risposta.<\/p>\n<p style=\"text-align: justify;\">Dalla riunione \u00e8 stato stabilito che, con l\u2019obiettivo di cercare di salvare la stagione, la Provincia lavori alla preparazione di una proposta relativa all\u2019utilizzo del porto-canale anche durante i lavori; si proceder\u00e0, inoltre, ad un ulteriore sollecito nei confronti della Regione per ottenere il rinnovo della concessione demaniale.<\/p>\n<p style=\"text-align: justify;\">Il Comune di Latina si \u00e8 dichiarato gi\u00e0 pronto per emanare un avviso pubblico per assegnare la gestione provvisoria della darsena in attesa del completamento dei lavori.<br \/>\n\u201c L\u2019Amministrazione comunale \u2013 afferma il sindaco Giovanni Di Giorgi \u2013\u00e8 impegnata al fine di individuare le iniziative da porre in essere per rimuovere le emergenti criticit\u00e0 e scongiurare il rischio di un blocco ulteriore delle attivit\u00e0 in vista della prossima stagione.<br \/>\nCome amministrazione abbiamo predisposto da tempo una sorta di task force al fine di poter individuare, nelle more della risoluzione delle problematiche in essere, una procedura che, in via provvisoria e nel rispetto delle regole dell\u2019evidenza pubblica, possa garantire e consentire l\u2019utilizzo del porto-canale per la nautica da diporto in tempi rapidi.<br \/>\nLa definizione della questione \u00e8, per le ragioni sopra esposte, non agevole imponendo una corsa contro il tempo al fine di garantire la migliore fruibilit\u00e0 del sito. Il rischio reale da scongiurare \u00e8 il fermo delle attivit\u00e0 per due anni, vale a dire per il tempo necessario a completare i lavori previsti nel progetto dell\u2019amministrazione provinciale. Ribadisco l\u2019impegno dell\u2019Amministrazione comunale nel mettere in campo ogni possibile intervento finalizzato a rendere fruibile da subito il sito nel rispetto della normativa attualmente in vigore\u201d.<\/p>\n","protected":false},"excerpt":{"rendered":"<p>LATINA &#8211; Convocata dal sindaco Giovanni Di Giorgi e con la partecipazione di tutti i soggetti pubblici coinvolti, si \u00e8 tenuta nel palazzo comunale un\u2019apposita riunione sul tema della darsena del porto-canale di Rio Martino. L\u2019obiettivo dell\u2019incontro era quella di valutare, nelle more dell\u2019assegnazione dei lavori da parte della Provincia per il completamento dei lavori [&hellip;]<\/p>\n","protected":false},"author":60,"featured_media":17767,"comment_status":"open","ping_status":"closed","sticky":false,"template":"","format":"standard","meta":{"footnotes":""},"categories":[12,735],"tags":[],"class_list":["post-149069","post","type-post","status-publish","format-standard","has-post-thumbnail","hentry","category-ambiente","category-attualita"],"_links":{"self":[{"href":"https:\/\/www.radioluna.it\/news\/wp-json\/wp\/v2\/posts\/149069","targetHints":{"allow":["GET"]}}],"collection":[{"href":"https:\/\/www.radioluna.it\/news\/wp-json\/wp\/v2\/posts"}],"about":[{"href":"https:\/\/www.radioluna.it\/news\/wp-json\/wp\/v2\/types\/post"}],"author":[{"embeddable":true,"href":"https:\/\/www.radioluna.it\/news\/wp-json\/wp\/v2\/users\/60"}],"replies":[{"embeddable":true,"href":"https:\/\/www.radioluna.it\/news\/wp-json\/wp\/v2\/comments?post=149069"}],"version-history":[{"count":0,"href":"https:\/\/www.radioluna.it\/news\/wp-json\/wp\/v2\/posts\/149069\/revisions"}],"wp:featuredmedia":[{"embeddable":true,"href":"https:\/\/www.radioluna.it\/news\/wp-json\/wp\/v2\/media\/17767"}],"wp:attachment":[{"href":"https:\/\/www.radioluna.it\/news\/wp-json\/wp\/v2\/media?parent=149069"}],"wp:term":[{"taxonomy":"category","embeddable":true,"href":"https:\/\/www.radioluna.it\/news\/wp-json\/wp\/v2\/categories?post=149069"},{"taxonomy":"post_tag","embeddable":true,"href":"https:\/\/www.radioluna.it\/news\/wp-json\/wp\/v2\/tags?post=149069"}],"curies":[{"name":"wp","href":"https:\/\/api.w.org\/{rel}","templated":true}]}}