{"id":149499,"date":"2014-04-18T12:41:42","date_gmt":"2014-04-18T10:41:42","guid":{"rendered":"http:\/\/www.radioluna.it\/news\/?p=149499"},"modified":"2014-04-19T12:30:33","modified_gmt":"2014-04-19T10:30:33","slug":"nerazzurri-in-allenamento-a-bari-poi-il-rompete-le-righe","status":"publish","type":"post","link":"https:\/\/www.radioluna.it\/news\/2014\/04\/nerazzurri-in-allenamento-a-bari-poi-il-rompete-le-righe\/","title":{"rendered":"Nerazzurri in allenamento a Bari poi il &#8220;rompete le righe&#8221;"},"content":{"rendered":"<div id=\"fb-root\"><\/div>\n<p style=\"text-align: justify;\"><img loading=\"lazy\" decoding=\"async\" class=\"aligncenter size-thumbnail wp-image-149502\" alt=\"PICT0365\" src=\"http:\/\/www.radioluna.it\/news\/wp-content\/uploads\/2014\/04\/PICT0365-635x476.jpg\" width=\"635\" height=\"476\" srcset=\"https:\/\/www.radioluna.it\/news\/wp-content\/uploads\/2014\/04\/PICT0365-635x476.jpg 635w, https:\/\/www.radioluna.it\/news\/wp-content\/uploads\/2014\/04\/PICT0365-768x576.jpg 768w, https:\/\/www.radioluna.it\/news\/wp-content\/uploads\/2014\/04\/PICT0365-500x375.jpg 500w, https:\/\/www.radioluna.it\/news\/wp-content\/uploads\/2014\/04\/PICT0365-300x225.jpg 300w, https:\/\/www.radioluna.it\/news\/wp-content\/uploads\/2014\/04\/PICT0365-1024x768.jpg 1024w, https:\/\/www.radioluna.it\/news\/wp-content\/uploads\/2014\/04\/PICT0365-800x600.jpg 800w, https:\/\/www.radioluna.it\/news\/wp-content\/uploads\/2014\/04\/PICT0365.jpg 1000w\" sizes=\"auto, (max-width: 635px) 100vw, 635px\" \/>LATINA &#8211; Dopo una notte di festeggiamenti per la vittoria davanti ai 32mila del San Nicola, i nerazzurri di Roberto Breda sono tornati ad allenarsi questa mattina a Bari, prima dello stop pasquale. La squadra sar\u00e0 libera per due giorni e si ritrover\u00e0 luned\u00ec di Pasquetta per la preparazione in vista dell\u2019incontro casalingo con la capolista Palermo. Sar\u00e0 giornata nerazzurra il 26 aprile (dunque niente accrediti) ma quella che si giocher\u00e0 al Francioni di Latina sar\u00e0 soprattutto la partita pi\u00f9 importante del calendario di serie B: la prima in classifica si misurer\u00e0 con la seconda, il Latina appunto, che ieri grazie anche alla sconfitta dell\u2019Empoli si \u00e8 presa il posto solitario di inseguitrice dei rosa-neri.<\/p>\n","protected":false},"excerpt":{"rendered":"<p>LATINA &#8211; Dopo una notte di festeggiamenti per la vittoria davanti ai 32mila del San Nicola, i nerazzurri di Roberto Breda sono tornati ad allenarsi questa mattina a Bari, prima dello stop pasquale. La squadra sar\u00e0 libera per due giorni e si ritrover\u00e0 luned\u00ec di Pasquetta per la preparazione in vista dell\u2019incontro casalingo con la [&hellip;]<\/p>\n","protected":false},"author":62,"featured_media":149502,"comment_status":"open","ping_status":"closed","sticky":false,"template":"","format":"standard","meta":{"footnotes":""},"categories":[17],"tags":[],"class_list":["post-149499","post","type-post","status-publish","format-standard","has-post-thumbnail","hentry","category-sport"],"_links":{"self":[{"href":"https:\/\/www.radioluna.it\/news\/wp-json\/wp\/v2\/posts\/149499","targetHints":{"allow":["GET"]}}],"collection":[{"href":"https:\/\/www.radioluna.it\/news\/wp-json\/wp\/v2\/posts"}],"about":[{"href":"https:\/\/www.radioluna.it\/news\/wp-json\/wp\/v2\/types\/post"}],"author":[{"embeddable":true,"href":"https:\/\/www.radioluna.it\/news\/wp-json\/wp\/v2\/users\/62"}],"replies":[{"embeddable":true,"href":"https:\/\/www.radioluna.it\/news\/wp-json\/wp\/v2\/comments?post=149499"}],"version-history":[{"count":0,"href":"https:\/\/www.radioluna.it\/news\/wp-json\/wp\/v2\/posts\/149499\/revisions"}],"wp:featuredmedia":[{"embeddable":true,"href":"https:\/\/www.radioluna.it\/news\/wp-json\/wp\/v2\/media\/149502"}],"wp:attachment":[{"href":"https:\/\/www.radioluna.it\/news\/wp-json\/wp\/v2\/media?parent=149499"}],"wp:term":[{"taxonomy":"category","embeddable":true,"href":"https:\/\/www.radioluna.it\/news\/wp-json\/wp\/v2\/categories?post=149499"},{"taxonomy":"post_tag","embeddable":true,"href":"https:\/\/www.radioluna.it\/news\/wp-json\/wp\/v2\/tags?post=149499"}],"curies":[{"name":"wp","href":"https:\/\/api.w.org\/{rel}","templated":true}]}}