{"id":149779,"date":"2014-04-28T11:53:20","date_gmt":"2014-04-28T09:53:20","guid":{"rendered":"http:\/\/www.radioluna.it\/news\/?p=149779"},"modified":"2014-04-28T11:54:08","modified_gmt":"2014-04-28T09:54:08","slug":"viviani-a-coverciano-con-lunder-21","status":"publish","type":"post","link":"https:\/\/www.radioluna.it\/news\/2014\/04\/viviani-a-coverciano-con-lunder-21\/","title":{"rendered":"Viviani a Coverciano con l&#8217;Under 21"},"content":{"rendered":"<div id=\"fb-root\"><\/div>\n<div id=\"attachment_147650\" style=\"width: 260px\" class=\"wp-caption alignleft\"><img loading=\"lazy\" decoding=\"async\" aria-describedby=\"caption-attachment-147650\" class=\"size-full wp-image-147650\" src=\"http:\/\/www.radioluna.it\/news\/wp-content\/uploads\/2014\/03\/viviani.jpg\" alt=\"Federico Viviani\" width=\"250\" height=\"250\" srcset=\"https:\/\/www.radioluna.it\/news\/wp-content\/uploads\/2014\/03\/viviani.jpg 250w, https:\/\/www.radioluna.it\/news\/wp-content\/uploads\/2014\/03\/viviani-150x150.jpg 150w, https:\/\/www.radioluna.it\/news\/wp-content\/uploads\/2014\/03\/viviani-80x80.jpg 80w, https:\/\/www.radioluna.it\/news\/wp-content\/uploads\/2014\/03\/viviani-50x50.jpg 50w\" sizes=\"auto, (max-width: 250px) 100vw, 250px\" \/><p id=\"caption-attachment-147650\" class=\"wp-caption-text\">Federico Viviani<\/p><\/div>\n<p style=\"text-align: justify;\">LATINA &#8211;\u00a0Federico Viviani \u00e8 uno dei 25 giocatori convocati da Di Biagio per lo stage della Nazionale Under 21 in programma da domenica 27 aprilee fino a domani marted\u00ec 29 a Coverciano. Lo si legge in una nota dell&#8217;Us \u00a0Latina Calcio. Gli Azzurrini che hanno sostenuto ieri \u00a0il primo allenamento, oggi si alleneranno in doppia seduta. Domani chiuder\u00e0 lo stage l\u2019amichevole contro la Primavera della Fiorentina. Federico Viviani da mercoled\u00ec torner\u00e0 ad allenarsi agli ordini di Breda, ma non sar\u00e0 disponibile per Castellammare di Stabia: il giallo rimediato col Palermo gli coster\u00e0 un turno di squalifica.<\/p>\n","protected":false},"excerpt":{"rendered":"<p>LATINA &#8211;\u00a0Federico Viviani \u00e8 uno dei 25 giocatori convocati da Di Biagio per lo stage della Nazionale Under 21 in programma da domenica 27 aprilee fino a domani marted\u00ec 29 a Coverciano. Lo si legge in una nota dell&#8217;Us \u00a0Latina Calcio. Gli Azzurrini che hanno sostenuto ieri \u00a0il primo allenamento, oggi si alleneranno in doppia [&hellip;]<\/p>\n","protected":false},"author":62,"featured_media":147650,"comment_status":"open","ping_status":"closed","sticky":false,"template":"","format":"standard","meta":{"footnotes":""},"categories":[17],"tags":[],"class_list":["post-149779","post","type-post","status-publish","format-standard","has-post-thumbnail","hentry","category-sport"],"_links":{"self":[{"href":"https:\/\/www.radioluna.it\/news\/wp-json\/wp\/v2\/posts\/149779","targetHints":{"allow":["GET"]}}],"collection":[{"href":"https:\/\/www.radioluna.it\/news\/wp-json\/wp\/v2\/posts"}],"about":[{"href":"https:\/\/www.radioluna.it\/news\/wp-json\/wp\/v2\/types\/post"}],"author":[{"embeddable":true,"href":"https:\/\/www.radioluna.it\/news\/wp-json\/wp\/v2\/users\/62"}],"replies":[{"embeddable":true,"href":"https:\/\/www.radioluna.it\/news\/wp-json\/wp\/v2\/comments?post=149779"}],"version-history":[{"count":0,"href":"https:\/\/www.radioluna.it\/news\/wp-json\/wp\/v2\/posts\/149779\/revisions"}],"wp:featuredmedia":[{"embeddable":true,"href":"https:\/\/www.radioluna.it\/news\/wp-json\/wp\/v2\/media\/147650"}],"wp:attachment":[{"href":"https:\/\/www.radioluna.it\/news\/wp-json\/wp\/v2\/media?parent=149779"}],"wp:term":[{"taxonomy":"category","embeddable":true,"href":"https:\/\/www.radioluna.it\/news\/wp-json\/wp\/v2\/categories?post=149779"},{"taxonomy":"post_tag","embeddable":true,"href":"https:\/\/www.radioluna.it\/news\/wp-json\/wp\/v2\/tags?post=149779"}],"curies":[{"name":"wp","href":"https:\/\/api.w.org\/{rel}","templated":true}]}}