{"id":149825,"date":"2014-04-29T13:28:44","date_gmt":"2014-04-29T11:28:44","guid":{"rendered":"http:\/\/www.radioluna.it\/news\/?p=149825"},"modified":"2014-04-29T13:28:44","modified_gmt":"2014-04-29T11:28:44","slug":"candreva-a-gaeta-presenta-la-crociera-biancoceleste","status":"publish","type":"post","link":"https:\/\/www.radioluna.it\/news\/2014\/04\/candreva-a-gaeta-presenta-la-crociera-biancoceleste\/","title":{"rendered":"Candreva a Gaeta presenta la Crociera biancoceleste"},"content":{"rendered":"<div id=\"fb-root\"><\/div>\n<p style=\"text-align: justify;\"><img loading=\"lazy\" decoding=\"async\" class=\"aligncenter wp-image-149826\" src=\"http:\/\/www.radioluna.it\/news\/wp-content\/uploads\/2014\/04\/candreva.jpg\" alt=\"candreva\" width=\"517\" height=\"432\" srcset=\"https:\/\/www.radioluna.it\/news\/wp-content\/uploads\/2014\/04\/candreva.jpg 680w, https:\/\/www.radioluna.it\/news\/wp-content\/uploads\/2014\/04\/candreva-500x418.jpg 500w, https:\/\/www.radioluna.it\/news\/wp-content\/uploads\/2014\/04\/candreva-300x251.jpg 300w, https:\/\/www.radioluna.it\/news\/wp-content\/uploads\/2014\/04\/candreva-635x531.jpg 635w\" sizes=\"auto, (max-width: 517px) 100vw, 517px\" \/>GAETA &#8211;\u00a0Partir\u00e0 il prossimo 8 giugno a bordo di MSC Musica la prima Crociera della Lazio.\u00a0A bordo della\u00a0\u201cCrociera Biancoceleste\u201d,\u00a0durante la navigazione, la fede laziale prender\u00e0 il sopravvento, fra sedute di allenamento guidate dallo staff tecnico del Club e tornei di calcetto insieme ai campioni della Lazio, che si presteranno anche per sessioni di foto ricordo e autografi insieme ai loro fans.\u00a0Otto giorni e sette notti a bordo di una delle dodici eleganti unit\u00e0 della flotta verso alcune delle localit\u00e0 pi\u00f9 belle del Mediterraneo. Si partir\u00e0 da Civitavecchia alla volta di Palermo. Seguir\u00e0 lo scalo a Tunisi per proseguire prima verso la Spagna \u2013 con tappe a Palma di Maiorca e Valencia &#8211; e poi a Marsiglia in Francia. Infine il ritorno n Italia con una tappa a Genova fino al rientro a Civitavecchia.<br \/>\nAlla presentazione dell\u2019evento, avvenuta questo pomeriggio all\u2019Area living dello Yacht Med Festival di Gaeta, erano presenti anche il centrocampista Antonio Candreva insieme a una delegazione della Lazio; l\u2019Area Manager di MSC Crociere Marco Ponticiello, i Presidenti dei Lazio Club e Antonio Montella, titolare dell&#8217;agenzia di viaggi &#8220;I viaggi di Kilroy&#8221; e presidente del Lazio Club di Gaeta &#8220;P. Di Perna&#8221;.<\/p>\n","protected":false},"excerpt":{"rendered":"<p>GAETA &#8211;\u00a0Partir\u00e0 il prossimo 8 giugno a bordo di MSC Musica la prima Crociera della Lazio.\u00a0A bordo della\u00a0\u201cCrociera Biancoceleste\u201d,\u00a0durante la navigazione, la fede laziale prender\u00e0 il sopravvento, fra sedute di allenamento guidate dallo staff tecnico del Club e tornei di calcetto insieme ai campioni della Lazio, che si presteranno anche per sessioni di foto ricordo [&hellip;]<\/p>\n","protected":false},"author":60,"featured_media":149826,"comment_status":"open","ping_status":"closed","sticky":false,"template":"","format":"standard","meta":{"footnotes":""},"categories":[17],"tags":[],"class_list":["post-149825","post","type-post","status-publish","format-standard","has-post-thumbnail","hentry","category-sport"],"_links":{"self":[{"href":"https:\/\/www.radioluna.it\/news\/wp-json\/wp\/v2\/posts\/149825","targetHints":{"allow":["GET"]}}],"collection":[{"href":"https:\/\/www.radioluna.it\/news\/wp-json\/wp\/v2\/posts"}],"about":[{"href":"https:\/\/www.radioluna.it\/news\/wp-json\/wp\/v2\/types\/post"}],"author":[{"embeddable":true,"href":"https:\/\/www.radioluna.it\/news\/wp-json\/wp\/v2\/users\/60"}],"replies":[{"embeddable":true,"href":"https:\/\/www.radioluna.it\/news\/wp-json\/wp\/v2\/comments?post=149825"}],"version-history":[{"count":0,"href":"https:\/\/www.radioluna.it\/news\/wp-json\/wp\/v2\/posts\/149825\/revisions"}],"wp:featuredmedia":[{"embeddable":true,"href":"https:\/\/www.radioluna.it\/news\/wp-json\/wp\/v2\/media\/149826"}],"wp:attachment":[{"href":"https:\/\/www.radioluna.it\/news\/wp-json\/wp\/v2\/media?parent=149825"}],"wp:term":[{"taxonomy":"category","embeddable":true,"href":"https:\/\/www.radioluna.it\/news\/wp-json\/wp\/v2\/categories?post=149825"},{"taxonomy":"post_tag","embeddable":true,"href":"https:\/\/www.radioluna.it\/news\/wp-json\/wp\/v2\/tags?post=149825"}],"curies":[{"name":"wp","href":"https:\/\/api.w.org\/{rel}","templated":true}]}}