{"id":150730,"date":"2014-05-23T18:32:43","date_gmt":"2014-05-23T16:32:43","guid":{"rendered":"http:\/\/www.radioluna.it\/news\/?p=150730"},"modified":"2014-05-24T09:57:34","modified_gmt":"2014-05-24T07:57:34","slug":"ridotta-da-quattro-a-tre-giornate-la-squalifica-per-jonathas","status":"publish","type":"post","link":"https:\/\/www.radioluna.it\/news\/2014\/05\/ridotta-da-quattro-a-tre-giornate-la-squalifica-per-jonathas\/","title":{"rendered":"Ridotta da quattro a tre giornate la squalifica per Jonathas"},"content":{"rendered":"<div id=\"fb-root\"><\/div>\n<p style=\"text-align: justify;\"><img loading=\"lazy\" decoding=\"async\" class=\"aligncenter size-thumbnail wp-image-146748\" src=\"http:\/\/www.radioluna.it\/news\/wp-content\/uploads\/2014\/02\/Jonathas-635x423.jpg\" alt=\"Jonathas\" width=\"635\" height=\"423\" \/>LATINA &#8211; \u00a0Ora \u00e8 ufficiale: \u00e8 stato accolto in parte il ricorso del Latina Calcio che chiedeva una riduzione della \u00a0squalifica comminata dall&#8217;arbitro all&#8217;attacante brasiliano, Jonathas durante l&#8217;incontro con il Crotone, quando aveva protestato incautamente per un cartellino giallo, toccando il direttore di gara. Risultato: quattro giornate, ovvero stagione finita.<\/p>\n<p style=\"text-align: justify;\">Oggi, il giudice sportivo, esprimendosi sul ricorso dell&#8217;Us Latina Calcio, ha deciso di abbonare un turno di squalifica al brasiliano, che dovr\u00e0 cos\u00ec scontare tre giornate. Jonathas, che \u00e8 stato fermo ai box gi\u00e0 una giornata, sar\u00e0 assente dal campo ancora per i match contro Cesena e Spezia, poi rientrer\u00e0 per l&#8217;eventuale prima sfida dei playoff (al Latina manca un punto per avere la matematica certezza di giocare per la poule promozione).<\/p>\n<p style=\"text-align: justify;\">&#8220;Il comportamento del giocatore &#8211; si legge in una nota della societ\u00e0 &#8211; \u00a0in precedenza considerato \u201cirrispettoso\u201d nei confronti dell\u2019arbitro, \u00e8 stato giudicato soltanto\u00a0 \u201cirriguardoso\u201d, e di conseguenza ne \u00e8 scaturita la riduzione della sanzione&#8221;. \u00a0\u201cSiamo soddisfatti visto che in parte il ricorso \u00e8 stato accolto &#8211; ha detto l&#8217;avvocato Fabrizio Colletti \u2013 La decisione della Corte di giustizia federale ci premia per il lavoro svolto, dandoci la consapevolezza che potremo avere a disposizione il ragazzo nel caso in cui dovessimo andare ai playoff\u201d.<\/p>\n<p>&nbsp;<\/p>\n","protected":false},"excerpt":{"rendered":"<p>LATINA &#8211; \u00a0Ora \u00e8 ufficiale: \u00e8 stato accolto in parte il ricorso del Latina Calcio che chiedeva una riduzione della \u00a0squalifica comminata dall&#8217;arbitro all&#8217;attacante brasiliano, Jonathas durante l&#8217;incontro con il Crotone, quando aveva protestato incautamente per un cartellino giallo, toccando il direttore di gara. Risultato: quattro giornate, ovvero stagione finita. Oggi, il giudice sportivo, esprimendosi [&hellip;]<\/p>\n","protected":false},"author":62,"featured_media":0,"comment_status":"open","ping_status":"closed","sticky":false,"template":"","format":"standard","meta":{"footnotes":""},"categories":[17],"tags":[],"class_list":["post-150730","post","type-post","status-publish","format-standard","hentry","category-sport"],"_links":{"self":[{"href":"https:\/\/www.radioluna.it\/news\/wp-json\/wp\/v2\/posts\/150730","targetHints":{"allow":["GET"]}}],"collection":[{"href":"https:\/\/www.radioluna.it\/news\/wp-json\/wp\/v2\/posts"}],"about":[{"href":"https:\/\/www.radioluna.it\/news\/wp-json\/wp\/v2\/types\/post"}],"author":[{"embeddable":true,"href":"https:\/\/www.radioluna.it\/news\/wp-json\/wp\/v2\/users\/62"}],"replies":[{"embeddable":true,"href":"https:\/\/www.radioluna.it\/news\/wp-json\/wp\/v2\/comments?post=150730"}],"version-history":[{"count":0,"href":"https:\/\/www.radioluna.it\/news\/wp-json\/wp\/v2\/posts\/150730\/revisions"}],"wp:attachment":[{"href":"https:\/\/www.radioluna.it\/news\/wp-json\/wp\/v2\/media?parent=150730"}],"wp:term":[{"taxonomy":"category","embeddable":true,"href":"https:\/\/www.radioluna.it\/news\/wp-json\/wp\/v2\/categories?post=150730"},{"taxonomy":"post_tag","embeddable":true,"href":"https:\/\/www.radioluna.it\/news\/wp-json\/wp\/v2\/tags?post=150730"}],"curies":[{"name":"wp","href":"https:\/\/api.w.org\/{rel}","templated":true}]}}