{"id":150777,"date":"2014-05-25T21:24:42","date_gmt":"2014-05-25T19:24:42","guid":{"rendered":"http:\/\/www.radioluna.it\/news\/?p=150777"},"modified":"2014-05-26T09:18:49","modified_gmt":"2014-05-26T07:18:49","slug":"cesena-latina-0-1-fine-primo-tempo","status":"publish","type":"post","link":"https:\/\/www.radioluna.it\/news\/2014\/05\/cesena-latina-0-1-fine-primo-tempo\/","title":{"rendered":"Cesena-Latina 1-3. I nerazzurri conquistano il Manuzzi"},"content":{"rendered":"<div id=\"fb-root\"><\/div>\n<div id=\"attachment_140593\" style=\"width: 370px\" class=\"wp-caption aligncenter\"><img loading=\"lazy\" decoding=\"async\" aria-describedby=\"caption-attachment-140593\" class=\"size-full wp-image-140593\" src=\"http:\/\/www.radioluna.it\/news\/wp-content\/uploads\/2013\/09\/MARCO-CRIMI.jpg\" alt=\"Marco Crimi con la maglia della nazionale Under 21 autore del primo goal\" width=\"360\" height=\"240\" srcset=\"https:\/\/www.radioluna.it\/news\/wp-content\/uploads\/2013\/09\/MARCO-CRIMI.jpg 360w, https:\/\/www.radioluna.it\/news\/wp-content\/uploads\/2013\/09\/MARCO-CRIMI-300x200.jpg 300w\" sizes=\"auto, (max-width: 360px) 100vw, 360px\" \/><p id=\"caption-attachment-140593\" class=\"wp-caption-text\">Marco Crimi con la maglia della nazionale Under 21 autore del primo goal<\/p><\/div>\n<p style=\"text-align: justify;\">CESENA- Ancora un&#8217;altra impresa anche questa destinata ad entrare nella storia. Il Latina si regala una serata magnifica e conquista il Manuzzi battendo per 3-1 il Cesena e salendo al terzo posto in classifica, la serie A diretta ancora non \u00e8 un sogno definitivamente abbandonato, anche se all&#8217;Empoli mancher\u00e0 un punto. E&#8217; stata una tra le partite pi\u00f9 belle dei nerazzurri, questa sera in completa maglia arancione, che sono passati in vantaggio con Crimi in chiusura di primo tempo su un tacco di Cisotti. Il raddoppio nella ripresa con un magnifico gol di Laribi servito da Cisotti e poi sempre l&#8217;ex del Sassuolo innescato da Ghezzal ha siglato il 3-0. La rete di Cascione in pieno recupero servir\u00e0 solo per le statistiche. Grande festa dei giocatori nerazzurri che sono andati a ringraziare i 600 tifosi pontini arrivati in Romagna. Venerd\u00ec prossimo l&#8217;ultima gara della stagione regolare in casa contro lo Spezia.<\/p>\n<p>&nbsp;<\/p>\n<p style=\"text-align: justify;\">\n","protected":false},"excerpt":{"rendered":"<p>CESENA- Ancora un&#8217;altra impresa anche questa destinata ad entrare nella storia. Il Latina si regala una serata magnifica e conquista il Manuzzi battendo per 3-1 il Cesena e salendo al terzo posto in classifica, la serie A diretta ancora non \u00e8 un sogno definitivamente abbandonato, anche se all&#8217;Empoli mancher\u00e0 un punto. E&#8217; stata una tra [&hellip;]<\/p>\n","protected":false},"author":60,"featured_media":140593,"comment_status":"open","ping_status":"closed","sticky":false,"template":"","format":"standard","meta":{"footnotes":""},"categories":[17],"tags":[],"class_list":["post-150777","post","type-post","status-publish","format-standard","has-post-thumbnail","hentry","category-sport"],"_links":{"self":[{"href":"https:\/\/www.radioluna.it\/news\/wp-json\/wp\/v2\/posts\/150777","targetHints":{"allow":["GET"]}}],"collection":[{"href":"https:\/\/www.radioluna.it\/news\/wp-json\/wp\/v2\/posts"}],"about":[{"href":"https:\/\/www.radioluna.it\/news\/wp-json\/wp\/v2\/types\/post"}],"author":[{"embeddable":true,"href":"https:\/\/www.radioluna.it\/news\/wp-json\/wp\/v2\/users\/60"}],"replies":[{"embeddable":true,"href":"https:\/\/www.radioluna.it\/news\/wp-json\/wp\/v2\/comments?post=150777"}],"version-history":[{"count":0,"href":"https:\/\/www.radioluna.it\/news\/wp-json\/wp\/v2\/posts\/150777\/revisions"}],"wp:featuredmedia":[{"embeddable":true,"href":"https:\/\/www.radioluna.it\/news\/wp-json\/wp\/v2\/media\/140593"}],"wp:attachment":[{"href":"https:\/\/www.radioluna.it\/news\/wp-json\/wp\/v2\/media?parent=150777"}],"wp:term":[{"taxonomy":"category","embeddable":true,"href":"https:\/\/www.radioluna.it\/news\/wp-json\/wp\/v2\/categories?post=150777"},{"taxonomy":"post_tag","embeddable":true,"href":"https:\/\/www.radioluna.it\/news\/wp-json\/wp\/v2\/tags?post=150777"}],"curies":[{"name":"wp","href":"https:\/\/api.w.org\/{rel}","templated":true}]}}