{"id":150802,"date":"2014-05-26T11:54:59","date_gmt":"2014-05-26T09:54:59","guid":{"rendered":"http:\/\/www.radioluna.it\/news\/?p=150802"},"modified":"2014-05-27T09:27:34","modified_gmt":"2014-05-27T07:27:34","slug":"latina-spezia-tifosi-gia-in-fila-ai-botteghini","status":"publish","type":"post","link":"https:\/\/www.radioluna.it\/news\/2014\/05\/latina-spezia-tifosi-gia-in-fila-ai-botteghini\/","title":{"rendered":"Latina-Spezia, 4000 biglietti venduti"},"content":{"rendered":"<div id=\"fb-root\"><\/div>\n<p style=\"text-align: justify;\"><img loading=\"lazy\" decoding=\"async\" class=\"aligncenter wp-image-150803 size-full\" src=\"http:\/\/www.radioluna.it\/news\/wp-content\/uploads\/2014\/05\/BIGLIETTO.jpg\" alt=\"BIGLIETTO\" width=\"540\" height=\"303\" srcset=\"https:\/\/www.radioluna.it\/news\/wp-content\/uploads\/2014\/05\/BIGLIETTO.jpg 540w, https:\/\/www.radioluna.it\/news\/wp-content\/uploads\/2014\/05\/BIGLIETTO-500x281.jpg 500w, https:\/\/www.radioluna.it\/news\/wp-content\/uploads\/2014\/05\/BIGLIETTO-300x168.jpg 300w\" sizes=\"auto, (max-width: 540px) 100vw, 540px\" \/>LATINA &#8211; Per i tifosi nerazzurri il sogno continua. Rocco Prezioso come molti altri, gi\u00e0 questa mattina all&#8217;apertura dei botteghini, si \u00e8 accaparrato un biglietto per il prossimo match di serie B tra Latina e Spezia in programma venerd\u00ec 30 maggio (ore 20.30) al Francioni. La vendita dei biglietti \u00e8 iniziata oggi ai botteghini di piazzale Prampolini e nei centri BookingShow. I botteghini saranno aperti con il seguente orario: luned\u00ec, marted\u00ec, mercoled\u00ec e gioved\u00ec 9-13 e 15-19, venerd\u00ec dalle 9 fino alle 20.30 (orario continuato). I tagliandi per Latina-Spezia, come detto, potranno essere acquistati anche nei punti vendita autorizzati BookingShow (con la spesa aggiuntiva di 1.50 euro per i diritti di prevendita).<\/p>\n<div class=\"radio-posizionamento-telefono-in-articoli-dopo-il-contenuto-articolo radio-entity-placement\" id=\"radio-2748097940\"><div id=\"radio-276406639\" style=\"width: 300px;height: 250px;\"><a href=\"https:\/\/www.icarspa.it\/auto\/usate\/latina\/\" aria-label=\"banner aprile icar new life &#8211; auto usate latina\"><img loading=\"lazy\" decoding=\"async\" src=\"https:\/\/www.radioluna.it\/news\/wp-content\/uploads\/2026\/02\/banner-aprile-icar-new-life-auto-usate-latina.gif\" alt=\"\"  width=\"300\" height=\"250\"   \/><\/a><\/div><\/div>","protected":false},"excerpt":{"rendered":"<p>LATINA &#8211; Per i tifosi nerazzurri il sogno continua. Rocco Prezioso come molti altri, gi\u00e0 questa mattina all&#8217;apertura dei botteghini, si \u00e8 accaparrato un biglietto per il prossimo match di serie B tra Latina e Spezia in programma venerd\u00ec 30 maggio (ore 20.30) al Francioni. La vendita dei biglietti \u00e8 iniziata oggi ai botteghini di [&hellip;]<\/p>\n","protected":false},"author":62,"featured_media":150803,"comment_status":"open","ping_status":"closed","sticky":false,"template":"","format":"standard","meta":{"footnotes":""},"categories":[735],"tags":[],"class_list":["post-150802","post","type-post","status-publish","format-standard","has-post-thumbnail","hentry","category-attualita"],"_links":{"self":[{"href":"https:\/\/www.radioluna.it\/news\/wp-json\/wp\/v2\/posts\/150802","targetHints":{"allow":["GET"]}}],"collection":[{"href":"https:\/\/www.radioluna.it\/news\/wp-json\/wp\/v2\/posts"}],"about":[{"href":"https:\/\/www.radioluna.it\/news\/wp-json\/wp\/v2\/types\/post"}],"author":[{"embeddable":true,"href":"https:\/\/www.radioluna.it\/news\/wp-json\/wp\/v2\/users\/62"}],"replies":[{"embeddable":true,"href":"https:\/\/www.radioluna.it\/news\/wp-json\/wp\/v2\/comments?post=150802"}],"version-history":[{"count":0,"href":"https:\/\/www.radioluna.it\/news\/wp-json\/wp\/v2\/posts\/150802\/revisions"}],"wp:featuredmedia":[{"embeddable":true,"href":"https:\/\/www.radioluna.it\/news\/wp-json\/wp\/v2\/media\/150803"}],"wp:attachment":[{"href":"https:\/\/www.radioluna.it\/news\/wp-json\/wp\/v2\/media?parent=150802"}],"wp:term":[{"taxonomy":"category","embeddable":true,"href":"https:\/\/www.radioluna.it\/news\/wp-json\/wp\/v2\/categories?post=150802"},{"taxonomy":"post_tag","embeddable":true,"href":"https:\/\/www.radioluna.it\/news\/wp-json\/wp\/v2\/tags?post=150802"}],"curies":[{"name":"wp","href":"https:\/\/api.w.org\/{rel}","templated":true}]}}