{"id":151490,"date":"2014-06-13T12:14:58","date_gmt":"2014-06-13T10:14:58","guid":{"rendered":"http:\/\/www.radioluna.it\/news\/?p=151490"},"modified":"2014-06-13T12:14:58","modified_gmt":"2014-06-13T10:14:58","slug":"verso-libero-a-fondi-il-festival-di-poesia-contemporanea","status":"publish","type":"post","link":"https:\/\/www.radioluna.it\/news\/2014\/06\/verso-libero-a-fondi-il-festival-di-poesia-contemporanea\/","title":{"rendered":"&#8220;verso Libero&#8221;: a Fondi il festival di poesia contemporanea"},"content":{"rendered":"<div id=\"fb-root\"><\/div>\n<div id=\"attachment_151493\" style=\"width: 430px\" class=\"wp-caption aligncenter\"><img loading=\"lazy\" decoding=\"async\" aria-describedby=\"caption-attachment-151493\" class=\"wp-image-151493 size-full\" src=\"http:\/\/www.radioluna.it\/news\/wp-content\/uploads\/2014\/06\/Foto_Rondoni.jpg\" alt=\"Rondoni\" width=\"420\" height=\"243\" srcset=\"https:\/\/www.radioluna.it\/news\/wp-content\/uploads\/2014\/06\/Foto_Rondoni.jpg 420w, https:\/\/www.radioluna.it\/news\/wp-content\/uploads\/2014\/06\/Foto_Rondoni-300x174.jpg 300w\" sizes=\"auto, (max-width: 420px) 100vw, 420px\" \/><p id=\"caption-attachment-151493\" class=\"wp-caption-text\">Rondoni<\/p><\/div>\n<p style=\"text-align: justify;\"><strong>FONDI<\/strong> &#8211; Comincia questa sera la prima edizione del festival di poesia contemporanea \u201c<em>verso Libero<\/em>\u201d organizzato dall\u2019associazione \u201c<strong>Libero de Libero<\/strong>\u201d. A Fondi arriveranno sei tra i pi\u00f9 grandi poeti italiani viventi ed altrettante giovani promesse della poesia nazionale. Scenario principale del Festival sar\u00e0 il quartiere ebraico della <strong>Giudea<\/strong>, ma sar\u00e0 l\u2019intera citt\u00e0 ad essere coinvolta con mostre, segnalibri tra gli alberi e la distribuzione di \u201cscontrini poetici\u201d in tutte le attivit\u00e0 del centro storico fondano. Il messaggio \u00e8 chiaro: la poesia \u00e8 quotidiana e \u201ca lei non si pu\u00f2 resistere\u201d (slogan della kermesse) prima di ogni altro elemento.<\/p>\n<p style=\"text-align: justify;\">Questa sera, 13 giugno, il cortile della Giudea accoglier\u00e0 dalle 21 la <strong>serata inaugurale<\/strong> ricca di eventi. L\u2019attrice <strong>Serina Stamegna<\/strong> porter\u00e0 in scena il monologo teatrale inedito di <strong>Davide Rondoni<\/strong>, <em>La bellezza e il pantano<\/em>, con la regia di <strong>Pasquale Valentino<\/strong>. A seguire sar\u00e0 proiettata una videointervista a <strong>Rodolfo Di Biasio<\/strong>, poeta amico di Libero de Libero nei suoi ultimi anni di vita: lo stesso Rodolfo salir\u00e0 poi in cattedra, dopo la presentazione affidata a <strong>Stelvio Di Spigno<\/strong>, per leggere cinque suoi testi. Infine il reading <em>ri-Ascolta la Ciociaria<\/em> dedicato alla poesia deliberiana reinterpretata anche attraverso le musiche scritte dal M\u00b0 <strong>Gabriele Carbone<\/strong> e le voci di <strong>Daniele Campanari<\/strong> e <strong>Simone di Biasio<\/strong>. In contemporanea sar\u00e0 proiettata sulla pietra viva del cortile della Giudea la performance di bodypainting dell\u2019artista <strong>Stefania Romagna<\/strong>. La serata si concluder\u00e0 nel giardino di villa Cantarano, dove si potr\u00e0 fare visita ad una installazione curata da <strong>Michele Venditti<\/strong> e si potranno leggere dei propri versi attorniati da alberi d\u2019aranci ed accompagnati dal sassofono dei Maestri <strong>Dario Volante<\/strong> e <strong>Laura Venditti<\/strong>. Dal pomeriggio sar\u00e0 inoltre visitabile la mostra <em>scatti di versi per de Libero<\/em> del circolo fotografico \u201c<strong>Fotografichementi<\/strong>\u201d, insieme all\u2019esposizione dell\u2019artista pugliese <strong>Paola Mancinelli<\/strong>, \u201cPoesia tempo presente\u201d.<\/p>\n<p style=\"text-align: justify;\">I \u201cbig\u201d (<strong>Claudio Damiani<\/strong>, <strong>Milo De Angelis<\/strong>, <strong>Nicola Bultrini<\/strong>, <strong>Luigia Sorrentino<\/strong>, <strong>Rossella Tempesta<\/strong>, <strong>Edoardo Sant\u2019Elia<\/strong>) saranno protagonisti della seconda giornata del Festival, quella del 14 giugno, quando prima (ore 16) ascolteranno i \u201cVersi in riva\u201d presso il Camping Village Le Dune di giovani (e non)esordienti coordinati da <strong>Rocco Mattei<\/strong>, e poi alle 21 nel cortile della Giudea \u201csfideranno\u201d in versi in una \u201cmaratona poetica\u201d i sei giovani rispondenti ai nomi di <strong>Valerio Grutt<\/strong>, <strong>Anna Ruotolo<\/strong>, <strong>Isabella Leardini<\/strong>, <strong>Maria Borio<\/strong>, <strong>Stelvio di Spigno<\/strong> e <strong>Alessandro De Santis<\/strong>. Ciascuno legger\u00e0 quattro testi, due per ogni tematica deliberiana proposta: la terra, intesa come luogo nat\u00eco, e il viaggio, inteso come distacco dal luogo d\u2019origine. Le letture saranno accompagnate da esibizioni live dell\u2019<strong>Atelier della danza <\/strong>e inframezzate dalla proiezione del corto \u201cCamera Oscura\u201d di <strong>Antonio Fasolo<\/strong>, ispirato alle vicende di Libero de Libero.<\/p>\n<div id=\"attachment_151492\" style=\"width: 310px\" class=\"wp-caption alignleft\"><img loading=\"lazy\" decoding=\"async\" aria-describedby=\"caption-attachment-151492\" class=\"size-medium wp-image-151492\" src=\"http:\/\/www.radioluna.it\/news\/wp-content\/uploads\/2014\/06\/ivan_festa-300x200.jpg\" alt=\"L'attore Ivan Festa\" width=\"300\" height=\"200\" srcset=\"https:\/\/www.radioluna.it\/news\/wp-content\/uploads\/2014\/06\/ivan_festa-300x200.jpg 300w, https:\/\/www.radioluna.it\/news\/wp-content\/uploads\/2014\/06\/ivan_festa-768x512.jpg 768w, https:\/\/www.radioluna.it\/news\/wp-content\/uploads\/2014\/06\/ivan_festa-500x333.jpg 500w, https:\/\/www.radioluna.it\/news\/wp-content\/uploads\/2014\/06\/ivan_festa-600x400.jpg 600w, https:\/\/www.radioluna.it\/news\/wp-content\/uploads\/2014\/06\/ivan_festa-635x423.jpg 635w, https:\/\/www.radioluna.it\/news\/wp-content\/uploads\/2014\/06\/ivan_festa-800x533.jpg 800w, https:\/\/www.radioluna.it\/news\/wp-content\/uploads\/2014\/06\/ivan_festa.jpg 960w\" sizes=\"auto, (max-width: 300px) 100vw, 300px\" \/><p id=\"caption-attachment-151492\" class=\"wp-caption-text\">L&#8217;attore Ivan Festa<\/p><\/div>\n<p style=\"text-align: justify;\">La giornata conclusiva del Festival \u201cverso Libero\u201d partir\u00e0 dalle 11.30 del mattino nella sala conferenze di CastelloCaetani che ospiter\u00e0 la presentazione del libro <em>L\u2019Italia letteraria di Libero de Libero<\/em> (a cura di <strong>Daniele Treglia<\/strong>, ed. D\u2019Arco, 2014), raccolta di articoli del poeta di Fondi scritti per l\u2019omonimo periodico negli Anni Trenta del secolo scorso. I presenti saranno omaggiati di una copia del prezioso volume. La serata di chiusura prevedr\u00e0 ancora grandi sorprese: alle 18.30, sempre nella sala conferenze di Castello Caetani, si svolger\u00e0 la cerimonia di premiazione del concorso per opera prima edita \u201c<strong>Solstizio<\/strong>\u201d e saranno svelati i nomi dei vincitori della prima edizione alla presenza della giuria composta da <strong>Arnaldo Colasanti<\/strong>, <strong>Claudio Damiani<\/strong>, <strong>Milo De Angelis<\/strong> e <strong>Davide Rondoni<\/strong>. Gli stessi testimonieranno la valenza delle opere giunte al concorso e delle opere deliberiane, specie di \u201cSolstizio\u201d di cui quest\u2019anno ricorrono gli 80 anni dalla prima pubblicazione.Alle 21, sulla terrazza dello stesso Castello, la pi\u00e9ce teatrale <em>Pasolini a Villa Ada<\/em> con l\u2019attore <strong>Ivan Festa<\/strong> dar\u00e0 dare vita al testo omonimo scritto da <strong>Giorgio Manacorda<\/strong>. Per raggiungere la terrazza, infine, si potr\u00e0 visitare la mostra fotografica di Angelina Chavez, che ha scattato immagini di preparazione dell\u2019attore alla performance, vicino e lontano dal palcoscenico.<\/p>\n<p style=\"text-align: justify;\">\n","protected":false},"excerpt":{"rendered":"<p>FONDI &#8211; Comincia questa sera la prima edizione del festival di poesia contemporanea \u201cverso Libero\u201d organizzato dall\u2019associazione \u201cLibero de Libero\u201d. A Fondi arriveranno sei tra i pi\u00f9 grandi poeti italiani viventi ed altrettante giovani promesse della poesia nazionale. Scenario principale del Festival sar\u00e0 il quartiere ebraico della Giudea, ma sar\u00e0 l\u2019intera citt\u00e0 ad essere coinvolta [&hellip;]<\/p>\n","protected":false},"author":60,"featured_media":151493,"comment_status":"open","ping_status":"closed","sticky":false,"template":"","format":"standard","meta":{"footnotes":""},"categories":[16,15],"tags":[],"class_list":["post-151490","post","type-post","status-publish","format-standard","has-post-thumbnail","hentry","category-appuntamenti","category-cultura"],"_links":{"self":[{"href":"https:\/\/www.radioluna.it\/news\/wp-json\/wp\/v2\/posts\/151490","targetHints":{"allow":["GET"]}}],"collection":[{"href":"https:\/\/www.radioluna.it\/news\/wp-json\/wp\/v2\/posts"}],"about":[{"href":"https:\/\/www.radioluna.it\/news\/wp-json\/wp\/v2\/types\/post"}],"author":[{"embeddable":true,"href":"https:\/\/www.radioluna.it\/news\/wp-json\/wp\/v2\/users\/60"}],"replies":[{"embeddable":true,"href":"https:\/\/www.radioluna.it\/news\/wp-json\/wp\/v2\/comments?post=151490"}],"version-history":[{"count":0,"href":"https:\/\/www.radioluna.it\/news\/wp-json\/wp\/v2\/posts\/151490\/revisions"}],"wp:featuredmedia":[{"embeddable":true,"href":"https:\/\/www.radioluna.it\/news\/wp-json\/wp\/v2\/media\/151493"}],"wp:attachment":[{"href":"https:\/\/www.radioluna.it\/news\/wp-json\/wp\/v2\/media?parent=151490"}],"wp:term":[{"taxonomy":"category","embeddable":true,"href":"https:\/\/www.radioluna.it\/news\/wp-json\/wp\/v2\/categories?post=151490"},{"taxonomy":"post_tag","embeddable":true,"href":"https:\/\/www.radioluna.it\/news\/wp-json\/wp\/v2\/tags?post=151490"}],"curies":[{"name":"wp","href":"https:\/\/api.w.org\/{rel}","templated":true}]}}