{"id":151662,"date":"2014-06-18T11:37:44","date_gmt":"2014-06-18T09:37:44","guid":{"rendered":"http:\/\/www.radioluna.it\/news\/?p=151662"},"modified":"2014-06-18T11:37:44","modified_gmt":"2014-06-18T09:37:44","slug":"garanzia-giovani-confcommercio-latina-promuove-il-programma-per-i-neet","status":"publish","type":"post","link":"https:\/\/www.radioluna.it\/news\/2014\/06\/garanzia-giovani-confcommercio-latina-promuove-il-programma-per-i-neet\/","title":{"rendered":"Garanzia Giovani, Confcommercio Latina promuove il programma per i Neet"},"content":{"rendered":"<div id=\"fb-root\"><\/div>\n<p style=\"text-align: justify;\"><strong><img loading=\"lazy\" decoding=\"async\" class=\"aligncenter size-full wp-image-151663\" src=\"http:\/\/www.radioluna.it\/news\/wp-content\/uploads\/2014\/06\/garanzia-giovani-Lazio.jpg\" alt=\"garanzia-giovani-Lazio\" width=\"554\" height=\"330\" srcset=\"https:\/\/www.radioluna.it\/news\/wp-content\/uploads\/2014\/06\/garanzia-giovani-Lazio.jpg 554w, https:\/\/www.radioluna.it\/news\/wp-content\/uploads\/2014\/06\/garanzia-giovani-Lazio-300x180.jpg 300w, https:\/\/www.radioluna.it\/news\/wp-content\/uploads\/2014\/06\/garanzia-giovani-Lazio-500x298.jpg 500w\" sizes=\"auto, (max-width: 554px) 100vw, 554px\" \/>LATINA<\/strong> &#8211; La Confcommercio di Latina ha attivato un servizio per promuovere Garanzia Giovani, il piano europeo con cui Stato e Regioni s&#8217;impegnano a offrire ai giovani di 15-29 anni che non studiano e non lavorano (Neet) un percorso personalizzato di formazione o un&#8217;opportunit\u00e0 lavorativa. &#8220;Il piano che \u00e8 operativo dal 1\u00b0 maggio &#8211; dicono in una nota da Confcommercio Latina &#8211; \u00a0\u00e8 un&#8217;importante occasione anche per le imprese che, beneficiando delle agevolazioni previste nelle diverse Regioni, possono investire su giovani motivati e rinnovare cos\u00ec il loro capitale umano. Offrendo opportunit\u00e0 di lavoro, formazione e autoimprenditorialit\u00e0, contribuiscono al raggiungimento degli obiettivi del programma&#8221;.<\/p>\n<p style=\"text-align: justify;\">Il Ministero del Lavoro ha sottoscritto un protocollo con la Confcommercio Imprese per l\u2019Italia Nazionale , che prevede la promozione del Programma Garanzia Giovani; la Regione Lazio ha gi\u00e0 attivato le procedure per rendere operativo il Programma sul territorio. E\u2019 per questo che la Confcommercio Imprese per l\u2019Italia Provincia di Latina ha attivato un servizio di informazione, orientamento e supporto per le imprese e per le realt\u00e0 produttive del nostro territorio: &#8220;Si tratta di un servizio di consulenza mirata attivato da subito che vuole permettere ad associati e non di rispondere in modo solidale alle problematiche della disoccupazione giovanile e di usufruire delle facilitazioni per qualificare la ricerca e l\u2019inserimento di risorse umane nelle proprie organizzazione&#8221;.<\/p>\n<p style=\"text-align: justify;\">Sono attivi presso la Sede Provinciale e di Latina e le Ascom di Fondi, Terracina, Gaeta e Formia sportelli informativi presso i quali gli imprenditori potranno:<br \/>\n\uf0b7 ricevere ulteriori informazioni su Garanzia Giovani<br \/>\n\uf0b7 compilare una scheda di disponibilit\u00e0 ad aderire al programma<br \/>\n\uf0b7 fissare un appuntamento con i nostri consulenti per approfondimenti<\/p>\n<p style=\"text-align: justify;\">Il servizio \u00e8 totalmente gratuito.<\/p>\n<p style=\"text-align: justify;\">LE SEDI DELL&#8217;ASSOCIAIZONE &#8211;<\/p>\n<p style=\"text-align: justify;\">Latina, Via dei Volsini,60\u00a0Tel. 0773.610678\u00a0Fax. 0773.6110660<\/p>\n<p style=\"text-align: justify;\">Gaeta, Via V.Veneto, 21 Tel. 0771.744170 Fax. 0771.451457<\/p>\n<p style=\"text-align: justify;\">Terracina Via Salita Annunziata,131 Tel. 0773.724419<\/p>\n<p style=\"text-align: justify;\">Fondi Corso Italia, 26 Tel\/Fax 0771.512249<\/p>\n<p style=\"text-align: justify;\">Formia Via C.Colombo, 10 Tel. 0771.030129 Fax. 0771.21454<\/p>\n<p>www.confcommercio.lt.it e garanziagiovani@confcommercio.lt.it<\/p>\n<p style=\"text-align: justify;\">COSA PREVEDE GARANZIA GIOVANI PER LE IMPRESE E PER LA CREAZIONE D\u2019IMPRESA:<\/p>\n<p style=\"text-align: justify;\">\uf0b7 tirocini formativi a titolo gratuito per l\u2019azienda ospitante<br \/>\n\uf0b7 bonus economici per le nuove assunzioni<br \/>\n\uf0b7 incentivi per l&#8217;attivazione di tirocini e contratti di apprendistato.<br \/>\n\uf0b7 strumenti come il microcredito sono messi a disposizione dei giovani Neet per favorire l&#8217;autoimprenditorialit\u00e0 e l&#8217;autoimpiego.<br \/>\nAlcune possibilit\u00e0 che verranno regolate dai Bandi Regione Lazio<\/p>\n<p style=\"text-align: justify;\">\u00a0\uf0b7 Assunzioni a tempo indeterminato: bonus da 1.500 a 6.000 euro<\/p>\n<p style=\"text-align: justify;\">\uf0b7 Assunzioni a tempo determinato o in somministrazione: bonus da 1.500 a 4.000 euro<br \/>\n\uf0b7 Apprendistato per la qualifica e il diploma professionale (I livello): incentivo per l&#8217;attivazione del contratto compreso tra i 2.000 e i 3.000 euro, sulla base dell&#8217;et\u00e0.<br \/>\n\uf0b7 Apprendistato per l&#8217;Alta formazione e la Ricerca (III livello): incentivo per l&#8217;attivazione del contratto fino a 6.000 euro. Si accede tramite avviso pubblico regionale o dell&#8217;INPS.<br \/>\n\uf0b7 Tirocinio: \u00e8 prevista un&#8217;indennit\u00e0 erogata dalla Regione (minimo 300 euro, sulla base della normativa regionale) direttamente al giovane o rimborsata all&#8217;azienda, a cui si accede tramite avviso pubblico regionale. In caso di trasformazione in contratto di lavoro, alle aziende \u00e8 riconosciuto un incentivo da 1.500 a 6.000 euro, la cui erogazione \u00e8 gestita dall&#8217;INPS.<br \/>\n\uf0b7 Autoimprenditorialit\u00e0 o Autoimpiego: incentivi per la creazione di impresa erogati sottoforma di microcredito<\/p>\n<p>&nbsp;<\/p>\n","protected":false},"excerpt":{"rendered":"<p>LATINA &#8211; La Confcommercio di Latina ha attivato un servizio per promuovere Garanzia Giovani, il piano europeo con cui Stato e Regioni s&#8217;impegnano a offrire ai giovani di 15-29 anni che non studiano e non lavorano (Neet) un percorso personalizzato di formazione o un&#8217;opportunit\u00e0 lavorativa. &#8220;Il piano che \u00e8 operativo dal 1\u00b0 maggio &#8211; dicono [&hellip;]<\/p>\n","protected":false},"author":62,"featured_media":151663,"comment_status":"open","ping_status":"closed","sticky":false,"template":"","format":"standard","meta":{"footnotes":""},"categories":[11],"tags":[],"class_list":["post-151662","post","type-post","status-publish","format-standard","has-post-thumbnail","hentry","category-economia"],"_links":{"self":[{"href":"https:\/\/www.radioluna.it\/news\/wp-json\/wp\/v2\/posts\/151662","targetHints":{"allow":["GET"]}}],"collection":[{"href":"https:\/\/www.radioluna.it\/news\/wp-json\/wp\/v2\/posts"}],"about":[{"href":"https:\/\/www.radioluna.it\/news\/wp-json\/wp\/v2\/types\/post"}],"author":[{"embeddable":true,"href":"https:\/\/www.radioluna.it\/news\/wp-json\/wp\/v2\/users\/62"}],"replies":[{"embeddable":true,"href":"https:\/\/www.radioluna.it\/news\/wp-json\/wp\/v2\/comments?post=151662"}],"version-history":[{"count":0,"href":"https:\/\/www.radioluna.it\/news\/wp-json\/wp\/v2\/posts\/151662\/revisions"}],"wp:featuredmedia":[{"embeddable":true,"href":"https:\/\/www.radioluna.it\/news\/wp-json\/wp\/v2\/media\/151663"}],"wp:attachment":[{"href":"https:\/\/www.radioluna.it\/news\/wp-json\/wp\/v2\/media?parent=151662"}],"wp:term":[{"taxonomy":"category","embeddable":true,"href":"https:\/\/www.radioluna.it\/news\/wp-json\/wp\/v2\/categories?post=151662"},{"taxonomy":"post_tag","embeddable":true,"href":"https:\/\/www.radioluna.it\/news\/wp-json\/wp\/v2\/tags?post=151662"}],"curies":[{"name":"wp","href":"https:\/\/api.w.org\/{rel}","templated":true}]}}