{"id":152070,"date":"2014-06-30T11:53:53","date_gmt":"2014-06-30T09:53:53","guid":{"rendered":"http:\/\/www.radioluna.it\/news\/?p=152070"},"modified":"2014-06-30T11:53:53","modified_gmt":"2014-06-30T09:53:53","slug":"giuramento-e-giunta-a-cisterna-si-apre-lera-della-penna","status":"publish","type":"post","link":"https:\/\/www.radioluna.it\/news\/2014\/06\/giuramento-e-giunta-a-cisterna-si-apre-lera-della-penna\/","title":{"rendered":"Giuramento e giunta: a Cisterna si apre l&#8217;era Della Penna"},"content":{"rendered":"<div id=\"fb-root\"><\/div>\n<div id=\"attachment_152072\" style=\"width: 645px\" class=\"wp-caption aligncenter\"><img loading=\"lazy\" decoding=\"async\" aria-describedby=\"caption-attachment-152072\" class=\"size-thumbnail wp-image-152072\" src=\"http:\/\/www.radioluna.it\/news\/wp-content\/uploads\/2014\/06\/DellaPenna-Tricolore-635x858.jpg\" alt=\"Eleonora Della Penna\" width=\"635\" height=\"858\" srcset=\"https:\/\/www.radioluna.it\/news\/wp-content\/uploads\/2014\/06\/DellaPenna-Tricolore-635x858.jpg 635w, https:\/\/www.radioluna.it\/news\/wp-content\/uploads\/2014\/06\/DellaPenna-Tricolore-222x300.jpg 222w, https:\/\/www.radioluna.it\/news\/wp-content\/uploads\/2014\/06\/DellaPenna-Tricolore-768x1039.jpg 768w, https:\/\/www.radioluna.it\/news\/wp-content\/uploads\/2014\/06\/DellaPenna-Tricolore-500x676.jpg 500w, https:\/\/www.radioluna.it\/news\/wp-content\/uploads\/2014\/06\/DellaPenna-Tricolore-757x1024.jpg 757w, https:\/\/www.radioluna.it\/news\/wp-content\/uploads\/2014\/06\/DellaPenna-Tricolore.jpg 800w\" sizes=\"auto, (max-width: 635px) 100vw, 635px\" \/><p id=\"caption-attachment-152072\" class=\"wp-caption-text\">Eleonora Della Penna<\/p><\/div>\n<p style=\"text-align: justify;\"><strong>CISTERNA<\/strong> &#8211;\u00a0\u00a0Momenti di emozione, sabato pomeriggio nel primo Consiglio comunale del dopo elezioni a Cisterna. Insediamento, \u00a0convalida degli eletti, giuramento del sindaco, le nomine di giunta, presidente e vicari del consiglio comunale sono stati gli atti compiuti dalla prima assise cittadina aperta da\u00a0Andrea Lauri in qualit\u00e0 di consigliere anziano.<\/p>\n<p style=\"text-align: justify;\">Comunicate le dimissioni di Danilo Martelli surrogato da Monica Marasca (NCD) e verificate con il segretario comunale le condizioni di eleggibilit\u00e0 dei neo eletti al consiglio comunale \u00e8 stata convalidata l\u2019elezione dei componenti dell\u2019assise, Boccabella ha presentato una mozione proponendo la candidatura di Luigi Ganelli alla presidenza del Consiglio. Costituito il seggio composto da Maria Innamorato e Pier Luigi Di Cori, si \u00e8 quindi proceduto alla raccolta delle schede dallo scrutinio delle quali \u00e8 risultato eletto Luigi Ganelli\u00a0 con 17 voti favorevoli e 7 schede bianche.<br \/>\nVice Presidente Vicario eletto dalla maggioranza \u00e8 stato Pierluigi Ianiri mentre la minoranza ha eletto come suo Vice Presidente Vicario Andrea Lauri.<br \/>\nIL GIURAMENTO DI ELEONORA &#8211; Il neo Sindaco Eleonora Della Penna ha pronunciato la formula di rito ricevendo la fascia tricolore dal \u00a0consigliere Alvaro Mastrantoni.&#8221;\u00a0La responsabilit\u00e0 che mi sento \u00e8 immensa \u2013 ha esordito non senza commozione il neo Sindaco Eleonora Della Penna -. Non \u00e8 paura ma consapevolezza del ruolo cui sono chiamata a svolgere e che svolger\u00f2 con grande seriet\u00e0 ed impegno\u201d.<br \/>\nNon ha mancato di sottolineare come per la prima volta Cisterna, oltre ad avere un sindaco donna, conta il maggior numero di donne il Consiglio comunale come mai avvenuto finora ed a queste la maggioranza ha fatto omaggio di una rosa. IL DISCORSO\u00a0<a href=\"http:\/\/www.radioluna.it\/news\/wp-content\/uploads\/2014\/06\/Discorso_primo_consiglio_sindaco_su_Carta_intestata.pdf\">Discorso_primo_consiglio_sindaco_<\/a><\/p>\n<p style=\"text-align: justify;\">LA GIUNTA &#8211; Quindi Della Penna ha presentato la sua squadra formata da Marco Muzzupappa, Assessore e Vice Sindaco, Angela Coluzzi, Marco Mazzoli, Danilo Martelli, Teseo Cera.<\/p>\n<p style=\"text-align: justify;\">\u201cNon ho assegnato le deleghe \u2013 ha spiegato -. Tutti in un primo momento si occuperanno delle emergenze e solo in un secondo momento gli verranno assegnate le deleghe tenendo conto delle loro competenze, delle qualit\u00e0 e delle aspirazioni. Sono tutti in carica al cento percento. Il concetto di squadra \u00e8 fondamentale e per funzionare tutti i componenti devono dare il massimo e sono certo che voi me lo darete. Vi ringrazio e vi auguro buon lavoro\u201d.<br \/>\nIl Sindaco ha presentato le linee programmatiche che partono dal programma elettorale condiviso con i cittadini e racchiuse in cinque microaree d\u2019intervento.<\/p>\n<p style=\"text-align: justify;\">IL SALUTO DELL&#8217;USCENTE &#8211; Antonello Merolla ha aperto gli interventi facendo i migliori auguri a Della Penna per la sua vittoria e annunciando un\u2019opposizione costruttiva e favorevole allo sviluppo e crescita della citt\u00e0.<br \/>\nOpposizione costruttiva \u00e8 stata anche quella annunciata da Marisa Di Lelio, consigliera dal 1995 al 2004 e la donna pi\u00f9 votata tra le presenti in Consiglio.<br \/>\nHanno fatto seguito gli interventi di Gianluca Del Prete, di Maria Innamorato, Elisa Giorgi e Paolo Panfili tutti anticipando un\u2019azione costruttiva secondo quelle che saranno le proposte della maggioranza invitandola a non avere preconcetti<br \/>\nPanfili ha inoltre chiesto a Della Penna di attivarsi affinch\u00e8 il servizio dell\u2019ambulatorio nel quartiere San Valentino possa continuare a funzionare. A tal proposito il sindaco ha annunciato di aver gi\u00e0 in agenda un incontro il prossimo 7 luglio. Ha annunciato inoltre che tra i prossimi impegni ci sar\u00e0 la richiesta di sottoscrivere un codice etico comportamentale da parte di tutti i membri del Consiglio Comunale.<br \/>\nHanno concluso la riunione le nomine della Commissione elettorale comunale con l\u2019elezione di Francesca<br \/>\nIaniri, Claudio Chinatti ed Elisa Giorgi (supplenti Maria Innamorato, Monica Marasca e Michela Ruzzini), e della commissione dei Giudici Popolari con l\u2019elezione di Alfredo Cassetti e Marisa Di Lelio.<\/p>\n","protected":false},"excerpt":{"rendered":"<p>CISTERNA &#8211;\u00a0\u00a0Momenti di emozione, sabato pomeriggio nel primo Consiglio comunale del dopo elezioni a Cisterna. Insediamento, \u00a0convalida degli eletti, giuramento del sindaco, le nomine di giunta, presidente e vicari del consiglio comunale sono stati gli atti compiuti dalla prima assise cittadina aperta da\u00a0Andrea Lauri in qualit\u00e0 di consigliere anziano. Comunicate le dimissioni di Danilo Martelli [&hellip;]<\/p>\n","protected":false},"author":62,"featured_media":152072,"comment_status":"open","ping_status":"closed","sticky":false,"template":"","format":"standard","meta":{"footnotes":""},"categories":[8],"tags":[],"class_list":["post-152070","post","type-post","status-publish","format-standard","has-post-thumbnail","hentry","category-politica"],"_links":{"self":[{"href":"https:\/\/www.radioluna.it\/news\/wp-json\/wp\/v2\/posts\/152070","targetHints":{"allow":["GET"]}}],"collection":[{"href":"https:\/\/www.radioluna.it\/news\/wp-json\/wp\/v2\/posts"}],"about":[{"href":"https:\/\/www.radioluna.it\/news\/wp-json\/wp\/v2\/types\/post"}],"author":[{"embeddable":true,"href":"https:\/\/www.radioluna.it\/news\/wp-json\/wp\/v2\/users\/62"}],"replies":[{"embeddable":true,"href":"https:\/\/www.radioluna.it\/news\/wp-json\/wp\/v2\/comments?post=152070"}],"version-history":[{"count":0,"href":"https:\/\/www.radioluna.it\/news\/wp-json\/wp\/v2\/posts\/152070\/revisions"}],"wp:featuredmedia":[{"embeddable":true,"href":"https:\/\/www.radioluna.it\/news\/wp-json\/wp\/v2\/media\/152072"}],"wp:attachment":[{"href":"https:\/\/www.radioluna.it\/news\/wp-json\/wp\/v2\/media?parent=152070"}],"wp:term":[{"taxonomy":"category","embeddable":true,"href":"https:\/\/www.radioluna.it\/news\/wp-json\/wp\/v2\/categories?post=152070"},{"taxonomy":"post_tag","embeddable":true,"href":"https:\/\/www.radioluna.it\/news\/wp-json\/wp\/v2\/tags?post=152070"}],"curies":[{"name":"wp","href":"https:\/\/api.w.org\/{rel}","templated":true}]}}