{"id":152130,"date":"2014-07-01T19:31:13","date_gmt":"2014-07-01T17:31:13","guid":{"rendered":"http:\/\/www.radioluna.it\/news\/?p=152130"},"modified":"2014-07-01T19:32:17","modified_gmt":"2014-07-01T17:32:17","slug":"duplice-agguato-a-sezze-il-pm-ergastolo","status":"publish","type":"post","link":"https:\/\/www.radioluna.it\/news\/2014\/07\/duplice-agguato-a-sezze-il-pm-ergastolo\/","title":{"rendered":"Duplice agguato a Sezze, il Pm: ergastolo"},"content":{"rendered":"<div id=\"fb-root\"><\/div>\n<div id=\"attachment_120642\" style=\"width: 160px\" class=\"wp-caption aligncenter\"><img loading=\"lazy\" decoding=\"async\" aria-describedby=\"caption-attachment-120642\" class=\"size-thumbnail wp-image-120642\" src=\"http:\/\/www.radioluna.it\/news\/wp-content\/uploads\/2012\/05\/tribunale-Latina-150x150.jpg\" alt=\"Il Tribunale di Latina\" width=\"150\" height=\"150\" srcset=\"https:\/\/www.radioluna.it\/news\/wp-content\/uploads\/2012\/05\/tribunale-Latina-150x150.jpg 150w, https:\/\/www.radioluna.it\/news\/wp-content\/uploads\/2012\/05\/tribunale-Latina-50x50.jpg 50w, https:\/\/www.radioluna.it\/news\/wp-content\/uploads\/2012\/05\/tribunale-Latina-80x80.jpg 80w\" sizes=\"auto, (max-width: 150px) 100vw, 150px\" \/><p id=\"caption-attachment-120642\" class=\"wp-caption-text\">Il Tribunale di Latina<\/p><\/div>\n<p style=\"text-align: justify;\"><strong>LATINA<\/strong>&#8211; E&#8217; stato il giorno delle richieste del pm Gregorio Capasso oggi in Corte d&#8217;Assise a Latina per il duplice omicidio avvenuto a Sezze Scalo in cui furono uccisi a colpi di pistola Alessandro Radicioli e Tiziano Marchionne entrambi di Latina. Al termine della requisitoria il pm inquirente ha chiesto per Stefano, Maurizio ed Enrico Botticelli, tutti e tre di Sezze e detenuti in carcere,\u00a0 la pena dell&#8217;ergastolo. In aula hanno poi parlato i legali degli imputati che hanno tentato di scalfire l&#8217;impianto accusatorio, marted\u00ec prossimo si proseguir\u00e0 con l&#8217;arringa di un altro avvocato del collegio difensivo e a seguire \u00e8 prevista la sentenza. Il duplice omicidio era avvenuto la sera del 29 dicembre del 2012 in un&#8217;area di servizio a Sezze Scalo quando le due vittime si erano incontrate con i tre imputati per un chiarimento legato ad una somma di denaro che Radicioli aveva prestato a Stefano Botticelli. A dare l&#8217;allarme fu un carabiniere fuori servizio che mentre rientrava a casa raccont\u00f2 in presa diretta una fase dell&#8217;agguato. Proprio il duplice omicidio avvenuto a Sezze ha dato il via anche alla recente inchiesta &lt;Arco&gt; che nei giorni scorsi ha portato a diversi arresti per droga nel capoluogo pontino e a Sezze.<\/p>\n","protected":false},"excerpt":{"rendered":"<p>LATINA&#8211; E&#8217; stato il giorno delle richieste del pm Gregorio Capasso oggi in Corte d&#8217;Assise a Latina per il duplice omicidio avvenuto a Sezze Scalo in cui furono uccisi a colpi di pistola Alessandro Radicioli e Tiziano Marchionne entrambi di Latina. Al termine della requisitoria il pm inquirente ha chiesto per Stefano, Maurizio ed Enrico [&hellip;]<\/p>\n","protected":false},"author":60,"featured_media":120642,"comment_status":"open","ping_status":"closed","sticky":false,"template":"","format":"standard","meta":{"footnotes":""},"categories":[7],"tags":[],"class_list":["post-152130","post","type-post","status-publish","format-standard","has-post-thumbnail","hentry","category-cronaca"],"_links":{"self":[{"href":"https:\/\/www.radioluna.it\/news\/wp-json\/wp\/v2\/posts\/152130","targetHints":{"allow":["GET"]}}],"collection":[{"href":"https:\/\/www.radioluna.it\/news\/wp-json\/wp\/v2\/posts"}],"about":[{"href":"https:\/\/www.radioluna.it\/news\/wp-json\/wp\/v2\/types\/post"}],"author":[{"embeddable":true,"href":"https:\/\/www.radioluna.it\/news\/wp-json\/wp\/v2\/users\/60"}],"replies":[{"embeddable":true,"href":"https:\/\/www.radioluna.it\/news\/wp-json\/wp\/v2\/comments?post=152130"}],"version-history":[{"count":0,"href":"https:\/\/www.radioluna.it\/news\/wp-json\/wp\/v2\/posts\/152130\/revisions"}],"wp:featuredmedia":[{"embeddable":true,"href":"https:\/\/www.radioluna.it\/news\/wp-json\/wp\/v2\/media\/120642"}],"wp:attachment":[{"href":"https:\/\/www.radioluna.it\/news\/wp-json\/wp\/v2\/media?parent=152130"}],"wp:term":[{"taxonomy":"category","embeddable":true,"href":"https:\/\/www.radioluna.it\/news\/wp-json\/wp\/v2\/categories?post=152130"},{"taxonomy":"post_tag","embeddable":true,"href":"https:\/\/www.radioluna.it\/news\/wp-json\/wp\/v2\/tags?post=152130"}],"curies":[{"name":"wp","href":"https:\/\/api.w.org\/{rel}","templated":true}]}}