{"id":152135,"date":"2014-07-01T18:14:26","date_gmt":"2014-07-01T16:14:26","guid":{"rendered":"http:\/\/www.radioluna.it\/news\/?p=152135"},"modified":"2014-07-01T18:14:26","modified_gmt":"2014-07-01T16:14:26","slug":"crisi-idrica-a-sezze-accolto-lappello-del-sindaco","status":"publish","type":"post","link":"https:\/\/www.radioluna.it\/news\/2014\/07\/crisi-idrica-a-sezze-accolto-lappello-del-sindaco\/","title":{"rendered":"Crisi idrica a Sezze: accolto l&#8217;appello del sindaco"},"content":{"rendered":"<div id=\"fb-root\"><\/div>\n<div id=\"attachment_118166\" style=\"width: 160px\" class=\"wp-caption aligncenter\"><img loading=\"lazy\" decoding=\"async\" aria-describedby=\"caption-attachment-118166\" class=\"size-thumbnail wp-image-118166\" src=\"http:\/\/www.radioluna.it\/news\/wp-content\/uploads\/2012\/04\/acqualatina-latina24-7635542222-150x150.jpg\" alt=\"Acqualatina\" width=\"150\" height=\"150\" \/><p id=\"caption-attachment-118166\" class=\"wp-caption-text\">Acqualatina<\/p><\/div>\n<p style=\"text-align: justify;\">SEZZE &#8211; Il sindaco di Sezze Andrea Campoli ha comunicato con soddisfazione che a seguito dell\u2019appello lanciato questa mattina e inoltrato al \u00a0Prefetto di Latina, Antonio D\u2019Acunto, e alla societ\u00e0 Acqualatina, nel pomeriggio della giornata di oggi, la societ\u00e0 idrica ha acconsentito alla richiesta di riaumentare i 20 litri al secondo di flusso idrico, cos\u00ec da garantire nelle prossime ore il ritorno alla normalit\u00e0.\u00a0Tale aumento rimarr\u00e0 per i prossimi giorni fino a quando verranno risolti i problemi alla stazione di rilancio di Mole Muti.\u00a0\u201cMi preme sottolineare \u2013 ha dichiarato il sindaco Andrea Campoli \u2013 il senso di responsabilit\u00e0 della societ\u00e0 Acqualatina che, nonostante stia subendo un serio danno economico, non sfugge al proprio dovere di garantire questo servizio cos\u00ec essenziale. Ribadisco invece, la responsabilit\u00e0 di una concessionaria, la Dondi, che incassa fior di milioni di euro e non garantisce la minima tenuta del nostro acquedotto, in spregio alla dignit\u00e0 di quei cittadini che pagano quei milioni di euro\u201d.<\/p>\n<p>&nbsp;<\/p>\n","protected":false},"excerpt":{"rendered":"<p>SEZZE &#8211; Il sindaco di Sezze Andrea Campoli ha comunicato con soddisfazione che a seguito dell\u2019appello lanciato questa mattina e inoltrato al \u00a0Prefetto di Latina, Antonio D\u2019Acunto, e alla societ\u00e0 Acqualatina, nel pomeriggio della giornata di oggi, la societ\u00e0 idrica ha acconsentito alla richiesta di riaumentare i 20 litri al secondo di flusso idrico, cos\u00ec [&hellip;]<\/p>\n","protected":false},"author":60,"featured_media":0,"comment_status":"open","ping_status":"closed","sticky":false,"template":"","format":"standard","meta":{"footnotes":""},"categories":[7,11,8],"tags":[],"class_list":["post-152135","post","type-post","status-publish","format-standard","hentry","category-cronaca","category-economia","category-politica"],"_links":{"self":[{"href":"https:\/\/www.radioluna.it\/news\/wp-json\/wp\/v2\/posts\/152135","targetHints":{"allow":["GET"]}}],"collection":[{"href":"https:\/\/www.radioluna.it\/news\/wp-json\/wp\/v2\/posts"}],"about":[{"href":"https:\/\/www.radioluna.it\/news\/wp-json\/wp\/v2\/types\/post"}],"author":[{"embeddable":true,"href":"https:\/\/www.radioluna.it\/news\/wp-json\/wp\/v2\/users\/60"}],"replies":[{"embeddable":true,"href":"https:\/\/www.radioluna.it\/news\/wp-json\/wp\/v2\/comments?post=152135"}],"version-history":[{"count":0,"href":"https:\/\/www.radioluna.it\/news\/wp-json\/wp\/v2\/posts\/152135\/revisions"}],"wp:attachment":[{"href":"https:\/\/www.radioluna.it\/news\/wp-json\/wp\/v2\/media?parent=152135"}],"wp:term":[{"taxonomy":"category","embeddable":true,"href":"https:\/\/www.radioluna.it\/news\/wp-json\/wp\/v2\/categories?post=152135"},{"taxonomy":"post_tag","embeddable":true,"href":"https:\/\/www.radioluna.it\/news\/wp-json\/wp\/v2\/tags?post=152135"}],"curies":[{"name":"wp","href":"https:\/\/api.w.org\/{rel}","templated":true}]}}