{"id":152138,"date":"2014-07-01T19:28:52","date_gmt":"2014-07-01T17:28:52","guid":{"rendered":"http:\/\/www.radioluna.it\/news\/?p=152138"},"modified":"2014-07-01T19:28:52","modified_gmt":"2014-07-01T17:28:52","slug":"nexans-la-multinazionale-assente-al-tavolo","status":"publish","type":"post","link":"https:\/\/www.radioluna.it\/news\/2014\/07\/nexans-la-multinazionale-assente-al-tavolo\/","title":{"rendered":"Nexans, la multinazionale assente al tavolo"},"content":{"rendered":"<div id=\"fb-root\"><\/div>\n<p style=\"text-align: justify;\"><img loading=\"lazy\" decoding=\"async\" class=\"aligncenter size-thumbnail wp-image-152139\" src=\"http:\/\/www.radioluna.it\/news\/wp-content\/uploads\/2014\/07\/nexans-in-provincia-635x446.jpg\" alt=\"nexans in provincia\" width=\"635\" height=\"446\" srcset=\"https:\/\/www.radioluna.it\/news\/wp-content\/uploads\/2014\/07\/nexans-in-provincia-635x446.jpg 635w, https:\/\/www.radioluna.it\/news\/wp-content\/uploads\/2014\/07\/nexans-in-provincia-768x540.jpg 768w, https:\/\/www.radioluna.it\/news\/wp-content\/uploads\/2014\/07\/nexans-in-provincia-500x352.jpg 500w, https:\/\/www.radioluna.it\/news\/wp-content\/uploads\/2014\/07\/nexans-in-provincia-300x211.jpg 300w, https:\/\/www.radioluna.it\/news\/wp-content\/uploads\/2014\/07\/nexans-in-provincia-1024x720.jpg 1024w, https:\/\/www.radioluna.it\/news\/wp-content\/uploads\/2014\/07\/nexans-in-provincia-800x562.jpg 800w, https:\/\/www.radioluna.it\/news\/wp-content\/uploads\/2014\/07\/nexans-in-provincia.jpg 1000w\" sizes=\"auto, (max-width: 635px) 100vw, 635px\" \/>LATINA &#8211; La Nexans, la Regione Lazio ed i rappresentanti delle varie organizzazioni imprenditoriali della citt\u00e0 non hanno partecipato all&#8217;incontro organizzato questa mattina dalla provincia di Latina per discutere del futuro degli ex dipendenti della multinazionale francese in mobilit\u00e0. Andata praticamente deserta la riunione dello scorso 19 giugno, il commissario Silvio D&#8217;Arco, gi\u00e0 assessore alle attivit\u00e0 produttive provinciali, aveva organizzato un nuovo tavolo con la speranza di vedere aumentate le presenze. Presente ai lavori l&#8217;assessore Alessandro Calvi, in rappresentanza dell&#8217; amministrazione comunale, che ha assicurato l&#8217;impegno del comune sul caso a partire da quanto accadr\u00e0 durante i lavori di bonifica nel sito di Borgo Piave. &#8220;Come si ricorder\u00e0 &#8211; spiega Roberto Cecere della Femca Cisl &#8211; fu l&#8217;annuncio che Comune e Provincia di Latina avevano dato parere favorevole al piano di bonifica proposto dalla societ\u00e0 a far riaccendere i riflettori sul caso Nexans ed a spingere il sindacato confederale a chiedere un incontro tra l&#8217;azienda, le istituzioni e le forze imprenditoriali. Abbiamo riaperto un caso che sembrava destinato a perdersi nel dimenticatoi visto, che nessuno si interessava pi\u00f9 di questi lavoratori. Siamo consapevoli che sar\u00e0 un discorso lungo, complicato e dall&#8217;esito incerto, ma dobbiamo provare a creare occasioni di nuovo lavoro perch\u00e9, terminata la mobilit\u00e0, per queste persone rester\u00e0 solo la disoccupazione&#8221;<\/p>\n<p style=\"text-align: justify;\">Alla riunione era presente Nicoletta Valle responsabile del settore ecologia-ambiente della provincia, che ha evidenziato il lavoro svolto dall&#8217;ente per dare il via libera alla bonifica e di come si stia attentamente monitorando la situazione del sito, che presenta alcune criticit\u00e0 nelle falde acquifere pi\u00f9 superficiali. Durante l&#8217;incontro il sindacato ha posto con forza il problema relativo all&#8217;impiego degli ex lavoratori nei lavori di bonifica, poich\u00e8 esiste un verbale di accordo, sottoscritto in Regione Lazio nel marzo 2013 anche dall&#8217;azienda, che prevede il loro coinvolgimento in questo tipo di attivit\u00e0.\u00a0Ma la continua assenza della societ\u00e0 ai tavoli di discussione rende impossibile qualsiasi tipo di discorso, tanto che \u00e8 stato deciso di chiedere l&#8217;intervento del Prefetto perch\u00e9 richiami la multinazionale francese ai suoi doveri nei confronti dei suoi ex dipendenti e dell&#8217;intera comunit\u00e0 di Latina.<\/p>\n","protected":false},"excerpt":{"rendered":"<p>LATINA &#8211; La Nexans, la Regione Lazio ed i rappresentanti delle varie organizzazioni imprenditoriali della citt\u00e0 non hanno partecipato all&#8217;incontro organizzato questa mattina dalla provincia di Latina per discutere del futuro degli ex dipendenti della multinazionale francese in mobilit\u00e0. Andata praticamente deserta la riunione dello scorso 19 giugno, il commissario Silvio D&#8217;Arco, gi\u00e0 assessore alle [&hellip;]<\/p>\n","protected":false},"author":60,"featured_media":152139,"comment_status":"open","ping_status":"closed","sticky":false,"template":"","format":"standard","meta":{"footnotes":""},"categories":[7,11],"tags":[],"class_list":["post-152138","post","type-post","status-publish","format-standard","has-post-thumbnail","hentry","category-cronaca","category-economia"],"_links":{"self":[{"href":"https:\/\/www.radioluna.it\/news\/wp-json\/wp\/v2\/posts\/152138","targetHints":{"allow":["GET"]}}],"collection":[{"href":"https:\/\/www.radioluna.it\/news\/wp-json\/wp\/v2\/posts"}],"about":[{"href":"https:\/\/www.radioluna.it\/news\/wp-json\/wp\/v2\/types\/post"}],"author":[{"embeddable":true,"href":"https:\/\/www.radioluna.it\/news\/wp-json\/wp\/v2\/users\/60"}],"replies":[{"embeddable":true,"href":"https:\/\/www.radioluna.it\/news\/wp-json\/wp\/v2\/comments?post=152138"}],"version-history":[{"count":0,"href":"https:\/\/www.radioluna.it\/news\/wp-json\/wp\/v2\/posts\/152138\/revisions"}],"wp:featuredmedia":[{"embeddable":true,"href":"https:\/\/www.radioluna.it\/news\/wp-json\/wp\/v2\/media\/152139"}],"wp:attachment":[{"href":"https:\/\/www.radioluna.it\/news\/wp-json\/wp\/v2\/media?parent=152138"}],"wp:term":[{"taxonomy":"category","embeddable":true,"href":"https:\/\/www.radioluna.it\/news\/wp-json\/wp\/v2\/categories?post=152138"},{"taxonomy":"post_tag","embeddable":true,"href":"https:\/\/www.radioluna.it\/news\/wp-json\/wp\/v2\/tags?post=152138"}],"curies":[{"name":"wp","href":"https:\/\/api.w.org\/{rel}","templated":true}]}}