{"id":152161,"date":"2014-07-02T13:55:09","date_gmt":"2014-07-02T11:55:09","guid":{"rendered":"http:\/\/www.radioluna.it\/news\/?p=152161"},"modified":"2014-07-02T13:55:09","modified_gmt":"2014-07-02T11:55:09","slug":"confconsumatori-latina-freni-rotti-sui-bus-del-cotral","status":"publish","type":"post","link":"https:\/\/www.radioluna.it\/news\/2014\/07\/confconsumatori-latina-freni-rotti-sui-bus-del-cotral\/","title":{"rendered":"Confconsumatori Latina: &#8220;Freni rotti sui bus del Cotral&#8221;"},"content":{"rendered":"<div id=\"fb-root\"><\/div>\n<div id=\"attachment_105489\" style=\"width: 200px\" class=\"wp-caption alignleft\"><img loading=\"lazy\" decoding=\"async\" aria-describedby=\"caption-attachment-105489\" class=\"wp-image-105489 size-full\" src=\"http:\/\/www.radioluna.it\/news\/wp-content\/uploads\/2011\/06\/cotral.jpg\" alt=\"Bus Cotral\" width=\"190\" height=\"190\" srcset=\"https:\/\/www.radioluna.it\/news\/wp-content\/uploads\/2011\/06\/cotral.jpg 190w, https:\/\/www.radioluna.it\/news\/wp-content\/uploads\/2011\/06\/cotral-150x150.jpg 150w, https:\/\/www.radioluna.it\/news\/wp-content\/uploads\/2011\/06\/cotral-50x50.jpg 50w, https:\/\/www.radioluna.it\/news\/wp-content\/uploads\/2011\/06\/cotral-80x80.jpg 80w\" sizes=\"auto, (max-width: 190px) 100vw, 190px\" \/><p id=\"caption-attachment-105489\" class=\"wp-caption-text\">Bus Cotral<\/p><\/div>\n<p style=\"text-align: justify;\"><strong>LATINA<\/strong> &#8211; Troppi disservizi, ma soprattutto rischi per chi viaggia a bordo dei pullman del Cotral. Per questo Confconsumatori ha scritto all&#8217;assessore regionale ai trasporti. Freni rotti, corse soppresse senza preavviso nell\u2019ora di punta, ritardi cronici: sono queste e molte altre le segnalazioni raccolte da Confconsumatori riguardo alla tratta Latina \u2013 Roma Laurentina, servita dall&#8217;azienda di \u00a0trasporto pubblico regionale. L\u2019associazione ha provveduto nei giorni scorsi a segnalare alcuni gravissimi episodi che hanno messo in serio pericolo gli occupanti degli autobus in questione.<\/p>\n<p style=\"text-align: justify;\">PROBLEMI AI FRENI &#8211; \u00abIn particolare \u2013 racconta l\u2019avvocato Franco Conte, presidente di Confconsumatori Latina &#8211; siamo stati allertati in merito a due distinti episodi in cui il mezzo di trasporto utilizzato presentava improvvisamente un guasto al sistema frenante tale da costringere il conducente ad effettuare delle brusche manovre che solo per mera fortuna non hanno avuto pi\u00f9 gravi conseguenze. Negli ultimi mesi abbiamo ricevuto numerose segnalazioni in merito alle modalit\u00e0 di espletamento del servizio fornito dalla societ\u00e0 Cotral che riguardano soprattutto la soppressione continua di corse, mai comunicate all&#8217;utenza, situazioni di ritardi cronici e pertanto inqualificabili, scioperi improvvisi di autisti anche in questo caso non segnalati nonch\u00e9 l\u2019abolizione di corse in orari fondamentali per chi si reca a scuola e\/o lavoro\u00bb.<\/p>\n<p style=\"text-align: justify;\">Ma la situazione pi\u00f9 grave, poich\u00e9 interessa direttamente la incolumit\u00e0 dei passeggeri, \u00e8 la scarsa manutenzione dei mezzi , come dimostrano gli episodi che hanno spinto Conte ad interessare le Autorit\u00e0 competenti. Confconsumatori, infatti, ha provveduto tempestivamente a denunciare l\u2019accaduto all\u2019assessore ai trasporti della Regione Lazio nonch\u00e9 ai sindaci e ai dirigenti competenti per materia dei comuni di Latina e Roma. Contestualmente \u00e8 stata allertata anche la nuova Autorit\u00e0 di Regolazione dei Trasporti di recente istituzione. \u00abRicordiamo\u2013 afferma ancora Conte \u2013 che il 21 maggio scorso, \u00e8 entrato in vigore il decreto legislativo (17\/04\/2014 n. 70) che attribuisce appunto all\u2019Autorit\u00e0 dei trasporti poteri di controllo e sanzionatorio in materia di servizio pubblico di trasporto\u00bb.<\/p>\n<p style=\"text-align: justify;\">\u00abInvitiamo \u2013 conclude il presidente di Confconsumatori Latina &#8211; a segnalare sempre ogni disservizio e a non soprassedere. Solo cos\u00ec sar\u00e0 possibile migliorare le condizioni di trasporto per tutti gli utenti e la Confconsumatori intende farsi portavoce delle istante di miglioramento del servizio di trasporto per tutti gli utenti della nostra provincia\u00bb. Confconsumatori Latina \u00e8 contattabile al numero 349\/5000314 o all\u2019e-mail confconsumatorilatina@gmail.com e\/o disservizitrasporti@tiscali.it.<\/p>\n<p>&nbsp;<\/p>\n","protected":false},"excerpt":{"rendered":"<p>LATINA &#8211; Troppi disservizi, ma soprattutto rischi per chi viaggia a bordo dei pullman del Cotral. Per questo Confconsumatori ha scritto all&#8217;assessore regionale ai trasporti. Freni rotti, corse soppresse senza preavviso nell\u2019ora di punta, ritardi cronici: sono queste e molte altre le segnalazioni raccolte da Confconsumatori riguardo alla tratta Latina \u2013 Roma Laurentina, servita dall&#8217;azienda [&hellip;]<\/p>\n","protected":false},"author":62,"featured_media":105489,"comment_status":"open","ping_status":"closed","sticky":false,"template":"","format":"standard","meta":{"footnotes":""},"categories":[7],"tags":[],"class_list":["post-152161","post","type-post","status-publish","format-standard","has-post-thumbnail","hentry","category-cronaca"],"_links":{"self":[{"href":"https:\/\/www.radioluna.it\/news\/wp-json\/wp\/v2\/posts\/152161","targetHints":{"allow":["GET"]}}],"collection":[{"href":"https:\/\/www.radioluna.it\/news\/wp-json\/wp\/v2\/posts"}],"about":[{"href":"https:\/\/www.radioluna.it\/news\/wp-json\/wp\/v2\/types\/post"}],"author":[{"embeddable":true,"href":"https:\/\/www.radioluna.it\/news\/wp-json\/wp\/v2\/users\/62"}],"replies":[{"embeddable":true,"href":"https:\/\/www.radioluna.it\/news\/wp-json\/wp\/v2\/comments?post=152161"}],"version-history":[{"count":0,"href":"https:\/\/www.radioluna.it\/news\/wp-json\/wp\/v2\/posts\/152161\/revisions"}],"wp:featuredmedia":[{"embeddable":true,"href":"https:\/\/www.radioluna.it\/news\/wp-json\/wp\/v2\/media\/105489"}],"wp:attachment":[{"href":"https:\/\/www.radioluna.it\/news\/wp-json\/wp\/v2\/media?parent=152161"}],"wp:term":[{"taxonomy":"category","embeddable":true,"href":"https:\/\/www.radioluna.it\/news\/wp-json\/wp\/v2\/categories?post=152161"},{"taxonomy":"post_tag","embeddable":true,"href":"https:\/\/www.radioluna.it\/news\/wp-json\/wp\/v2\/tags?post=152161"}],"curies":[{"name":"wp","href":"https:\/\/api.w.org\/{rel}","templated":true}]}}