{"id":152174,"date":"2014-07-02T18:00:24","date_gmt":"2014-07-02T16:00:24","guid":{"rendered":"http:\/\/www.radioluna.it\/news\/?p=152174"},"modified":"2014-07-02T18:00:24","modified_gmt":"2014-07-02T16:00:24","slug":"sermoneta-incendi-boschivi-nuova-ordinanza","status":"publish","type":"post","link":"https:\/\/www.radioluna.it\/news\/2014\/07\/sermoneta-incendi-boschivi-nuova-ordinanza\/","title":{"rendered":"Sermoneta, incendi boschivi: nuova ordinanza"},"content":{"rendered":"<div id=\"fb-root\"><\/div>\n<div id=\"attachment_151219\" style=\"width: 645px\" class=\"wp-caption aligncenter\"><img loading=\"lazy\" decoding=\"async\" aria-describedby=\"caption-attachment-151219\" class=\"size-thumbnail wp-image-151219\" src=\"http:\/\/www.radioluna.it\/news\/wp-content\/uploads\/2014\/06\/damiano-sindaco-Sermoneta-635x788.jpg\" alt=\"Il neo sindaco Damiano\" width=\"635\" height=\"788\" \/><p id=\"caption-attachment-151219\" class=\"wp-caption-text\">Il neo sindaco Damiano<\/p><\/div>\n<p style=\"text-align: justify;\">SERMONETA \u00a0&#8211; L&#8217;estate \u00e8 un periodo nero per lo sviluppo di incendi boschivi in uno dei borghi pi\u00f9 affascinanti della provincia.\u00a0\u00a0Non basta aver approntato negli ultimi anni uno dei Piani di Prevenzione pi\u00f9 efficienti della Regione, n\u00e9 \u00e8 sufficiente l\u2019opera instancabile dei volontari della Protezione Civile, dei Vigili del Fuoco e delle associazioni ambientaliste: serve la collaborazione della cittadinanza per prevenire eventuali focolai. Il Sindaco Claudio Damiano ha emesso una ordinanza con la quale \u00e8 stato dichiarato lo \u201cStato di grave pericolosit\u00e0 per il rischio di incendi boschivi e di interfaccia sul territorio comunale\u201d, dal 15 giugno al 30 settembre.<\/p>\n<p style=\"text-align: justify;\">Nello specifico, tutti gli enti e ai privati possessori di boschi, terreni, prati, pascoli ed incolti, devono \u201cadoperarsi in ogni modo al fine di evitare il possibile insorgere e la propagazione di incendi, perimetrando e pulendo le aree e rimuovendo sterpaglie e vegetazione secca od infiammabile\u201d. Non solo. Fino al 30 settembre \u00e8 proibita l\u2019accensione delle stoppie nelle vicinanze di boschi, siepi, magazzini o depositi di cereali e di altro materiale combustibile o infiammabile e comunque su tutti i terreni condotti a coltura agraria, a pascolo o incolti.<\/p>\n<p style=\"text-align: justify;\">Ma il Sindaco invita anche alla collaborazione dei cittadini, per evitare che devastanti incendi come quello del 2007, quasi tutti dolosi, possano mandare in fumo la preziosa vegetazione delle colline e pianure di Sermoneta, e soprattutto mettere a repentaglio l\u2019incolumit\u00e0 dei residenti e le loro abitazioni. Per questo, chiunque abbia notizia di un incendio nelle campagne o nei boschi ha l\u2019obbligo di darne immediato avviso al Comando Vigili Urbani (0773\/30018), o al Comando dell\u2019Arma dei Carabinieri (112 o 0773\/317035), ai Vigili del Fuoco (115) o al Corpo Forestale (1515). \u201cAd ogni cittadino, anche turista o gitante, incombe l\u2019obbligo di attenersi alle prescrizioni e a collaborare nelle attivit\u00e0 di segnalazione ed intervento\u201d, si legge nell\u2019ordinanza.<\/p>\n","protected":false},"excerpt":{"rendered":"<p>SERMONETA \u00a0&#8211; L&#8217;estate \u00e8 un periodo nero per lo sviluppo di incendi boschivi in uno dei borghi pi\u00f9 affascinanti della provincia.\u00a0\u00a0Non basta aver approntato negli ultimi anni uno dei Piani di Prevenzione pi\u00f9 efficienti della Regione, n\u00e9 \u00e8 sufficiente l\u2019opera instancabile dei volontari della Protezione Civile, dei Vigili del Fuoco e delle associazioni ambientaliste: serve [&hellip;]<\/p>\n","protected":false},"author":60,"featured_media":0,"comment_status":"open","ping_status":"closed","sticky":false,"template":"","format":"standard","meta":{"footnotes":""},"categories":[12,7],"tags":[],"class_list":["post-152174","post","type-post","status-publish","format-standard","hentry","category-ambiente","category-cronaca"],"_links":{"self":[{"href":"https:\/\/www.radioluna.it\/news\/wp-json\/wp\/v2\/posts\/152174","targetHints":{"allow":["GET"]}}],"collection":[{"href":"https:\/\/www.radioluna.it\/news\/wp-json\/wp\/v2\/posts"}],"about":[{"href":"https:\/\/www.radioluna.it\/news\/wp-json\/wp\/v2\/types\/post"}],"author":[{"embeddable":true,"href":"https:\/\/www.radioluna.it\/news\/wp-json\/wp\/v2\/users\/60"}],"replies":[{"embeddable":true,"href":"https:\/\/www.radioluna.it\/news\/wp-json\/wp\/v2\/comments?post=152174"}],"version-history":[{"count":0,"href":"https:\/\/www.radioluna.it\/news\/wp-json\/wp\/v2\/posts\/152174\/revisions"}],"wp:attachment":[{"href":"https:\/\/www.radioluna.it\/news\/wp-json\/wp\/v2\/media?parent=152174"}],"wp:term":[{"taxonomy":"category","embeddable":true,"href":"https:\/\/www.radioluna.it\/news\/wp-json\/wp\/v2\/categories?post=152174"},{"taxonomy":"post_tag","embeddable":true,"href":"https:\/\/www.radioluna.it\/news\/wp-json\/wp\/v2\/tags?post=152174"}],"curies":[{"name":"wp","href":"https:\/\/api.w.org\/{rel}","templated":true}]}}