{"id":152197,"date":"2014-07-03T10:11:04","date_gmt":"2014-07-03T08:11:04","guid":{"rendered":"http:\/\/www.radioluna.it\/news\/?p=152197"},"modified":"2014-07-03T10:11:04","modified_gmt":"2014-07-03T08:11:04","slug":"calcio-stage-nerazzurro-per-giovanissimi-regionali","status":"publish","type":"post","link":"https:\/\/www.radioluna.it\/news\/2014\/07\/calcio-stage-nerazzurro-per-giovanissimi-regionali\/","title":{"rendered":"Calcio, stage nerazzurro per Giovanissimi regionali"},"content":{"rendered":"<div id=\"fb-root\"><\/div>\n<div id=\"attachment_122690\" style=\"width: 310px\" class=\"wp-caption alignleft\"><img loading=\"lazy\" decoding=\"async\" aria-describedby=\"caption-attachment-122690\" class=\"size-medium wp-image-122690\" src=\"http:\/\/www.radioluna.it\/news\/wp-content\/uploads\/2012\/07\/porta-calcio-300x239.jpg\" alt=\"Campo da calcio\" width=\"300\" height=\"239\" \/><p id=\"caption-attachment-122690\" class=\"wp-caption-text\">Campo da calcio<\/p><\/div>\n<p style=\"text-align: justify;\"><strong>LATINA<\/strong> &#8211;\u00a0Il Latina calcio luned\u00ec 14 luglio organizza uno stage per giovani calciatori nati nel 2001, in virt\u00f9 della nascita per la nuova stagione della squadra dei Giovanissimi regionali sotto et\u00e0 (che si aggiunger\u00e0 alla formazione dei Giovanissimi nazionali 2000). Per prender parte allo stage non \u00e8 necessario l&#8217;invito; la partecipazione \u00e8 libera. L&#8217;appuntamento \u00e8 per luned\u00ec 14 luglio alle ore 16 all&#8217;Ex Fulgorcavi; gli interessati dovranno presentarsi con la \u201ccertificazione medica valida\u201d.<\/p>\n","protected":false},"excerpt":{"rendered":"<p>LATINA &#8211;\u00a0Il Latina calcio luned\u00ec 14 luglio organizza uno stage per giovani calciatori nati nel 2001, in virt\u00f9 della nascita per la nuova stagione della squadra dei Giovanissimi regionali sotto et\u00e0 (che si aggiunger\u00e0 alla formazione dei Giovanissimi nazionali 2000). Per prender parte allo stage non \u00e8 necessario l&#8217;invito; la partecipazione \u00e8 libera. L&#8217;appuntamento \u00e8 [&hellip;]<\/p>\n","protected":false},"author":62,"featured_media":0,"comment_status":"open","ping_status":"closed","sticky":false,"template":"","format":"standard","meta":{"footnotes":""},"categories":[17],"tags":[],"class_list":["post-152197","post","type-post","status-publish","format-standard","hentry","category-sport"],"_links":{"self":[{"href":"https:\/\/www.radioluna.it\/news\/wp-json\/wp\/v2\/posts\/152197","targetHints":{"allow":["GET"]}}],"collection":[{"href":"https:\/\/www.radioluna.it\/news\/wp-json\/wp\/v2\/posts"}],"about":[{"href":"https:\/\/www.radioluna.it\/news\/wp-json\/wp\/v2\/types\/post"}],"author":[{"embeddable":true,"href":"https:\/\/www.radioluna.it\/news\/wp-json\/wp\/v2\/users\/62"}],"replies":[{"embeddable":true,"href":"https:\/\/www.radioluna.it\/news\/wp-json\/wp\/v2\/comments?post=152197"}],"version-history":[{"count":0,"href":"https:\/\/www.radioluna.it\/news\/wp-json\/wp\/v2\/posts\/152197\/revisions"}],"wp:attachment":[{"href":"https:\/\/www.radioluna.it\/news\/wp-json\/wp\/v2\/media?parent=152197"}],"wp:term":[{"taxonomy":"category","embeddable":true,"href":"https:\/\/www.radioluna.it\/news\/wp-json\/wp\/v2\/categories?post=152197"},{"taxonomy":"post_tag","embeddable":true,"href":"https:\/\/www.radioluna.it\/news\/wp-json\/wp\/v2\/tags?post=152197"}],"curies":[{"name":"wp","href":"https:\/\/api.w.org\/{rel}","templated":true}]}}