{"id":152240,"date":"2014-07-03T20:06:28","date_gmt":"2014-07-03T18:06:28","guid":{"rendered":"http:\/\/www.radioluna.it\/news\/?p=152240"},"modified":"2014-07-03T20:06:28","modified_gmt":"2014-07-03T18:06:28","slug":"cisterna-lunita-di-cure-primarie-al-san-valentino-non-verra-chiusa","status":"publish","type":"post","link":"https:\/\/www.radioluna.it\/news\/2014\/07\/cisterna-lunita-di-cure-primarie-al-san-valentino-non-verra-chiusa\/","title":{"rendered":"Cisterna, l\u2019Unit\u00e0 di cure primarie al San Valentino non verr\u00e0 chiusa"},"content":{"rendered":"<div id=\"fb-root\"><\/div>\n<div id=\"attachment_5479\" style=\"width: 160px\" class=\"wp-caption aligncenter\"><img loading=\"lazy\" decoding=\"async\" aria-describedby=\"caption-attachment-5479\" class=\"size-thumbnail wp-image-5479\" src=\"http:\/\/www.radioluna.it\/news\/wp-content\/uploads\/2010\/06\/cisterna-di-latina-150x150.jpg\" alt=\"Cisterna\" width=\"150\" height=\"150\" \/><p id=\"caption-attachment-5479\" class=\"wp-caption-text\">Cisterna<\/p><\/div>\n<p style=\"text-align: justify;\">CISTERNA &#8211;\u00a0L\u2019Unit\u00e0 di Cure Primarie al San Valentino non verr\u00e0 chiusa. Questo il risultato degli incontri svolti oggi in Comune tra il Sindaco Eleonora Della Penna, prima con il Responsabile della Farmacia Comunale Stefania Patini e poi con il Direttore del Distretto 1 ASL Latina Belardino Rossi. Il servizio medico-sanitario nato due anni fa dal protocollo d\u2019intesa sottoscritto dall\u2019Amministrazione comunale con la ASL sar\u00e0 attivo anche oltre la prevista scadenza del 30 settembre prossimo. Infatti i risultati di questi primi anni di attivit\u00e0 sono di tutto rilievo e la struttura, che conta attualmente dieci medici di base, una caposala ed un\u2019infermiera, \u00e8 oggi un importante punto di riferimento sanitario. \u201cL\u2019azienda \u2013 spiega il Sindaco Della Penna &#8211; ha espresso la volont\u00e0 di mantenere il servizio offerto dall\u2019Unit\u00e0 di Cure Primarie, ritenuto gi\u00e0 efficiente, prevedendo eventuali rimodulazioni cos\u00ec da renderlo pi\u00f9 aderente alla progettualit\u00e0 regionale\u201d. Intanto, gi\u00e0 da una settimana, \u00e8 stato convocato a tal proposito un incontro, aperto a tutti i medici aderenti all\u2019UCPPCI, il Sindaco, i responsabili comunali e il direttore del Distretto 1 ASL Latina, che si terr\u00e0 luned\u00ec prossimo.<\/p>\n<p>&nbsp;<\/p>\n<div class=\"radio-posizionamento-telefono-in-articoli-dopo-il-contenuto-articolo radio-entity-placement\" id=\"radio-2155971914\"><div id=\"radio-1548816992\" style=\"width: 300px;height: 250px;\"><a href=\"https:\/\/www.icarspa.it\/auto\/usate\/latina\/\" aria-label=\"banner aprile icar new life &#8211; auto usate latina\"><img loading=\"lazy\" decoding=\"async\" src=\"https:\/\/www.radioluna.it\/news\/wp-content\/uploads\/2026\/02\/banner-aprile-icar-new-life-auto-usate-latina.gif\" alt=\"\"  width=\"300\" height=\"250\"   \/><\/a><\/div><\/div>","protected":false},"excerpt":{"rendered":"<p>CISTERNA &#8211;\u00a0L\u2019Unit\u00e0 di Cure Primarie al San Valentino non verr\u00e0 chiusa. Questo il risultato degli incontri svolti oggi in Comune tra il Sindaco Eleonora Della Penna, prima con il Responsabile della Farmacia Comunale Stefania Patini e poi con il Direttore del Distretto 1 ASL Latina Belardino Rossi. Il servizio medico-sanitario nato due anni fa dal [&hellip;]<\/p>\n","protected":false},"author":60,"featured_media":0,"comment_status":"open","ping_status":"closed","sticky":false,"template":"","format":"standard","meta":{"footnotes":""},"categories":[7],"tags":[],"class_list":["post-152240","post","type-post","status-publish","format-standard","hentry","category-cronaca"],"_links":{"self":[{"href":"https:\/\/www.radioluna.it\/news\/wp-json\/wp\/v2\/posts\/152240","targetHints":{"allow":["GET"]}}],"collection":[{"href":"https:\/\/www.radioluna.it\/news\/wp-json\/wp\/v2\/posts"}],"about":[{"href":"https:\/\/www.radioluna.it\/news\/wp-json\/wp\/v2\/types\/post"}],"author":[{"embeddable":true,"href":"https:\/\/www.radioluna.it\/news\/wp-json\/wp\/v2\/users\/60"}],"replies":[{"embeddable":true,"href":"https:\/\/www.radioluna.it\/news\/wp-json\/wp\/v2\/comments?post=152240"}],"version-history":[{"count":0,"href":"https:\/\/www.radioluna.it\/news\/wp-json\/wp\/v2\/posts\/152240\/revisions"}],"wp:attachment":[{"href":"https:\/\/www.radioluna.it\/news\/wp-json\/wp\/v2\/media?parent=152240"}],"wp:term":[{"taxonomy":"category","embeddable":true,"href":"https:\/\/www.radioluna.it\/news\/wp-json\/wp\/v2\/categories?post=152240"},{"taxonomy":"post_tag","embeddable":true,"href":"https:\/\/www.radioluna.it\/news\/wp-json\/wp\/v2\/tags?post=152240"}],"curies":[{"name":"wp","href":"https:\/\/api.w.org\/{rel}","templated":true}]}}