{"id":152254,"date":"2014-07-04T10:10:38","date_gmt":"2014-07-04T08:10:38","guid":{"rendered":"http:\/\/www.radioluna.it\/news\/?p=152254"},"modified":"2014-07-04T10:10:38","modified_gmt":"2014-07-04T08:10:38","slug":"nuovo-staff-medico-in-casa-latina-calcio","status":"publish","type":"post","link":"https:\/\/www.radioluna.it\/news\/2014\/07\/nuovo-staff-medico-in-casa-latina-calcio\/","title":{"rendered":"Nuovo staff medico in casa Latina Calcio"},"content":{"rendered":"<div id=\"fb-root\"><\/div>\n<p style=\"text-align: justify;\"><strong><img loading=\"lazy\" decoding=\"async\" class=\"alignleft wp-image-152255 size-medium\" src=\"http:\/\/www.radioluna.it\/news\/wp-content\/uploads\/2014\/07\/dario-cifra-300x276.jpg\" alt=\"dario cifra\" width=\"300\" height=\"276\" srcset=\"https:\/\/www.radioluna.it\/news\/wp-content\/uploads\/2014\/07\/dario-cifra-300x276.jpg 300w, https:\/\/www.radioluna.it\/news\/wp-content\/uploads\/2014\/07\/dario-cifra.jpg 438w\" sizes=\"auto, (max-width: 300px) 100vw, 300px\" \/>LATINA<\/strong> &#8211; Novit\u00e0 in casa Latina Calcio, dove mentre si lavora freneticamente alla formazione della squadra che dovr\u00e0 giocare il secondo campionato di serie B della storia nerazzurra, \u00e8 stato intanto definito l&#8217;intero staff sanitario della prima squadra per la nuova stagione. Responsabile sanitario: Dario Cifra. Medici sportivi: Gaetano Schiavottello ed Emiliano Bonanni. Fisiatra: Romildo Don. Consulenti ortopedici: Claudio Chillemi e Alessandro Todesca. Collaboratori: Fabio Fanton e Nicola Gioia. Fisioterapisti: Massimo Piva, Giuseppe De Chiara ed Ettore De Angelis. Massaggiatori: Mario Cassetta e Giuseppe Ciotti. Radiologo: Massimiliano D&#8217;Erme. Nutrizionista: Valeria Capirchia<\/p>\n","protected":false},"excerpt":{"rendered":"<p>LATINA &#8211; Novit\u00e0 in casa Latina Calcio, dove mentre si lavora freneticamente alla formazione della squadra che dovr\u00e0 giocare il secondo campionato di serie B della storia nerazzurra, \u00e8 stato intanto definito l&#8217;intero staff sanitario della prima squadra per la nuova stagione. Responsabile sanitario: Dario Cifra. Medici sportivi: Gaetano Schiavottello ed Emiliano Bonanni. Fisiatra: Romildo [&hellip;]<\/p>\n","protected":false},"author":62,"featured_media":152255,"comment_status":"open","ping_status":"closed","sticky":false,"template":"","format":"standard","meta":{"footnotes":""},"categories":[17],"tags":[],"class_list":["post-152254","post","type-post","status-publish","format-standard","has-post-thumbnail","hentry","category-sport"],"_links":{"self":[{"href":"https:\/\/www.radioluna.it\/news\/wp-json\/wp\/v2\/posts\/152254","targetHints":{"allow":["GET"]}}],"collection":[{"href":"https:\/\/www.radioluna.it\/news\/wp-json\/wp\/v2\/posts"}],"about":[{"href":"https:\/\/www.radioluna.it\/news\/wp-json\/wp\/v2\/types\/post"}],"author":[{"embeddable":true,"href":"https:\/\/www.radioluna.it\/news\/wp-json\/wp\/v2\/users\/62"}],"replies":[{"embeddable":true,"href":"https:\/\/www.radioluna.it\/news\/wp-json\/wp\/v2\/comments?post=152254"}],"version-history":[{"count":0,"href":"https:\/\/www.radioluna.it\/news\/wp-json\/wp\/v2\/posts\/152254\/revisions"}],"wp:featuredmedia":[{"embeddable":true,"href":"https:\/\/www.radioluna.it\/news\/wp-json\/wp\/v2\/media\/152255"}],"wp:attachment":[{"href":"https:\/\/www.radioluna.it\/news\/wp-json\/wp\/v2\/media?parent=152254"}],"wp:term":[{"taxonomy":"category","embeddable":true,"href":"https:\/\/www.radioluna.it\/news\/wp-json\/wp\/v2\/categories?post=152254"},{"taxonomy":"post_tag","embeddable":true,"href":"https:\/\/www.radioluna.it\/news\/wp-json\/wp\/v2\/tags?post=152254"}],"curies":[{"name":"wp","href":"https:\/\/api.w.org\/{rel}","templated":true}]}}