{"id":152273,"date":"2014-07-04T13:49:56","date_gmt":"2014-07-04T11:49:56","guid":{"rendered":"http:\/\/www.radioluna.it\/news\/?p=152273"},"modified":"2014-07-04T13:49:56","modified_gmt":"2014-07-04T11:49:56","slug":"rompe-i-sigilli-del-contatore-condannato-per-furto-utente-moroso","status":"publish","type":"post","link":"https:\/\/www.radioluna.it\/news\/2014\/07\/rompe-i-sigilli-del-contatore-condannato-per-furto-utente-moroso\/","title":{"rendered":"Rompe i sigilli del contatore, condannato per furto utente moroso"},"content":{"rendered":"<div id=\"fb-root\"><\/div>\n<p style=\"text-align: justify;\"><strong><img loading=\"lazy\" decoding=\"async\" class=\"alignleft wp-image-152274 size-full\" src=\"http:\/\/www.radioluna.it\/news\/wp-content\/uploads\/2014\/07\/contatore.jpg\" alt=\"contatore\" width=\"259\" height=\"194\" \/>LATINA<\/strong> &#8211; Il Tribunale di Latina, nei giorni scorsi, ha emesso sentenza di condanna nei confronti di un utente del Servizio Idrico Integrato dell\u2019Ato4, denunciato da Acqualatina per furto d\u2019acqua aggravato dalla manomissione dei sigilli apposti dal Gestore,in seguito a morosit\u00e0, e rottura della valvola di riduzione del flusso idrico.<\/p>\n<p style=\"text-align: justify;\">Il Tribunale, dopo aver esaminato i fatti, ha condannato l\u2019utente a due mesi e venti giorni di reclusione e al pagamento delle spese di costituzione di parte civile, pari a 1.400 euro, nonch\u00e9 al risarcimento danni, da definire in sede civile. Nello specifico, l\u2019utente aveva rimosso il sigillo dal proprio contatore, posto dai tecnici Acqualatina al fine di operare una riduzione del flusso idrico. L\u2019apposizione del sigillo si era resa necessaria a causa del grave e perdurante stato di morosit\u00e0 dell\u2019utente che, nonostante i reiterati solleciti di pagamento, aveva continuato a non corrispondere quanto dovuto.<\/p>\n<p style=\"text-align: justify;\">\u201cSiamo di fronte a una nuova sentenza \u2013 afferma il Presidente Avv. Giuseppe Addessi \u2013 dopo quella nel mese di maggio emessa dalla Corte di Appello di Roma, che va a rafforzare il nostro impegno: azioni di contrasto alla morosit\u00e0 sempre pi\u00f9 incisive,\u00a0 garantendo, nel contempo, la dovuta tutela agli utenti virtuosi. Da sempre, infatti, il nostro impegno nei confronti degli utenti \u00e8 duplice: da un lato, quello di tutelare gli utenti virtuosi, attraverso un servizio di qualit\u00e0 e con le dovute tutele in caso di difficolt\u00e0 nei pagamenti, dall\u2019altro quello di vigilare sull\u2019operato di quanti agiscono al di fuori della normativa vigente che, per inciso, \u00e8 anche un dovere nei confronti di chi la rispetta.\u201d<\/p>\n<p style=\"text-align: justify;\">Da Acqualatina ricordano anche che prima di giungere alla sospensione o riduzione del flusso idrico &#8220;il Gestore mette in atto una serie di azioni cautelative, proprio a favore di chi versa in condizioni di difficolt\u00e0, o ha semplicemente dimenticato di pagare la bolletta:per le utenze disagiate viene applicata una tariffaria agevolata sulla base della composizione del nucleo familiare e del reddito ISEE; per coloro che hanno difficolt\u00e0 al pagamento in unica soluzione, esiste la possibilit\u00e0 di rateizzare gli importi dovuti; qualora, comunque, l\u2019utente non pagasse, nonostante le possibilit\u00e0 di cui sopra, prima di sospendere il flusso, il gestore attua una serie di solleciti, telefonici ed epistolari; per gli utenti che volessero contestare una bolletta per i consumi o altro, \u00e8 sempre possibile inoltrare reclamo via posta, mail, fax etc\u2026; e, oltre al reclamo, \u00e8 sempre possibile richiedere di discutere il caso in Camera di Conciliazione, strumento gratuito, primo in Italia nel Servizio idrico integrato. La rimozione dei sigilli invece \u00e8 reato&#8221;.<\/p>\n<p>&nbsp;<\/p>\n<div class=\"radio-posizionamento-telefono-in-articoli-dopo-il-contenuto-articolo radio-entity-placement\" id=\"radio-698141512\"><div id=\"radio-52878876\"><a href=\"https:\/\/grupporedi.it\/\" aria-label=\"Redi-Qr\"><img loading=\"lazy\" decoding=\"async\" src=\"https:\/\/www.radioluna.it\/news\/wp-content\/uploads\/2026\/03\/Redi-Qr.jpg\" alt=\"\"  srcset=\"https:\/\/www.radioluna.it\/news\/wp-content\/uploads\/2026\/03\/Redi-Qr.jpg 800w, https:\/\/www.radioluna.it\/news\/wp-content\/uploads\/2026\/03\/Redi-Qr-768x639.jpg 768w\" sizes=\"(max-width: 800px) 100vw, 800px\" width=\"300\" height=\"250\"   \/><\/a><\/div><\/div>","protected":false},"excerpt":{"rendered":"<p>LATINA &#8211; Il Tribunale di Latina, nei giorni scorsi, ha emesso sentenza di condanna nei confronti di un utente del Servizio Idrico Integrato dell\u2019Ato4, denunciato da Acqualatina per furto d\u2019acqua aggravato dalla manomissione dei sigilli apposti dal Gestore,in seguito a morosit\u00e0, e rottura della valvola di riduzione del flusso idrico. Il Tribunale, dopo aver esaminato [&hellip;]<\/p>\n","protected":false},"author":62,"featured_media":152274,"comment_status":"open","ping_status":"closed","sticky":false,"template":"","format":"standard","meta":{"footnotes":""},"categories":[7],"tags":[],"class_list":["post-152273","post","type-post","status-publish","format-standard","has-post-thumbnail","hentry","category-cronaca"],"_links":{"self":[{"href":"https:\/\/www.radioluna.it\/news\/wp-json\/wp\/v2\/posts\/152273","targetHints":{"allow":["GET"]}}],"collection":[{"href":"https:\/\/www.radioluna.it\/news\/wp-json\/wp\/v2\/posts"}],"about":[{"href":"https:\/\/www.radioluna.it\/news\/wp-json\/wp\/v2\/types\/post"}],"author":[{"embeddable":true,"href":"https:\/\/www.radioluna.it\/news\/wp-json\/wp\/v2\/users\/62"}],"replies":[{"embeddable":true,"href":"https:\/\/www.radioluna.it\/news\/wp-json\/wp\/v2\/comments?post=152273"}],"version-history":[{"count":0,"href":"https:\/\/www.radioluna.it\/news\/wp-json\/wp\/v2\/posts\/152273\/revisions"}],"wp:featuredmedia":[{"embeddable":true,"href":"https:\/\/www.radioluna.it\/news\/wp-json\/wp\/v2\/media\/152274"}],"wp:attachment":[{"href":"https:\/\/www.radioluna.it\/news\/wp-json\/wp\/v2\/media?parent=152273"}],"wp:term":[{"taxonomy":"category","embeddable":true,"href":"https:\/\/www.radioluna.it\/news\/wp-json\/wp\/v2\/categories?post=152273"},{"taxonomy":"post_tag","embeddable":true,"href":"https:\/\/www.radioluna.it\/news\/wp-json\/wp\/v2\/tags?post=152273"}],"curies":[{"name":"wp","href":"https:\/\/api.w.org\/{rel}","templated":true}]}}