{"id":152281,"date":"2014-07-04T17:01:44","date_gmt":"2014-07-04T15:01:44","guid":{"rendered":"http:\/\/www.radioluna.it\/news\/?p=152281"},"modified":"2014-07-04T20:02:34","modified_gmt":"2014-07-04T18:02:34","slug":"latina-incendio-nei-garage-ai-palazzoni-della-q4","status":"publish","type":"post","link":"https:\/\/www.radioluna.it\/news\/2014\/07\/latina-incendio-nei-garage-ai-palazzoni-della-q4\/","title":{"rendered":"Latina, incendio nei garage ai palazzoni della Q4"},"content":{"rendered":"<div id=\"fb-root\"><\/div>\n<p style=\"text-align: justify;\"><img loading=\"lazy\" decoding=\"async\" class=\"aligncenter size-thumbnail wp-image-130182\" src=\"http:\/\/www.radioluna.it\/news\/wp-content\/uploads\/2013\/01\/vigili_del_fuoco-generica-300x167-150x150.jpeg\" alt=\"vigili_del_fuoco-generica-300x167\" width=\"150\" height=\"150\" srcset=\"https:\/\/www.radioluna.it\/news\/wp-content\/uploads\/2013\/01\/vigili_del_fuoco-generica-300x167-150x150.jpeg 150w, https:\/\/www.radioluna.it\/news\/wp-content\/uploads\/2013\/01\/vigili_del_fuoco-generica-300x167-50x50.jpeg 50w, https:\/\/www.radioluna.it\/news\/wp-content\/uploads\/2013\/01\/vigili_del_fuoco-generica-300x167-80x80.jpeg 80w\" sizes=\"auto, (max-width: 150px) 100vw, 150px\" \/>LATINA &#8211; Paura tra i residenti dei &#8220;palazzoni&#8221; nel quartiere Q4 a Latina. Nel primo pomeriggio un incendio \u00e8 divampato da una garage e si \u00e8 propagato rapidamente nelle aree condominiali circostanti. Una donna anziana \u00e8 stata colta da un malore e portata al pronto soccorso. Sul posto sono intervenute diverse squadre dei vigili del fuoco. Sono in corso gli accertamenti da parte dei carabinieri per stabilire le cause del rogo.<\/p>\n<div class=\"radio-posizionamento-telefono-in-articoli-dopo-il-contenuto-articolo radio-entity-placement\" id=\"radio-3281635932\"><div id=\"radio-2135730497\"><a href=\"https:\/\/grupporedi.it\/\" aria-label=\"Redi-Qr\"><img loading=\"lazy\" decoding=\"async\" src=\"https:\/\/www.radioluna.it\/news\/wp-content\/uploads\/2026\/03\/Redi-Qr.jpg\" alt=\"\"  srcset=\"https:\/\/www.radioluna.it\/news\/wp-content\/uploads\/2026\/03\/Redi-Qr.jpg 800w, https:\/\/www.radioluna.it\/news\/wp-content\/uploads\/2026\/03\/Redi-Qr-768x639.jpg 768w\" sizes=\"(max-width: 800px) 100vw, 800px\" width=\"300\" height=\"250\"   \/><\/a><\/div><\/div>","protected":false},"excerpt":{"rendered":"<p>LATINA &#8211; Paura tra i residenti dei &#8220;palazzoni&#8221; nel quartiere Q4 a Latina. Nel primo pomeriggio un incendio \u00e8 divampato da una garage e si \u00e8 propagato rapidamente nelle aree condominiali circostanti. Una donna anziana \u00e8 stata colta da un malore e portata al pronto soccorso. Sul posto sono intervenute diverse squadre dei vigili del [&hellip;]<\/p>\n","protected":false},"author":60,"featured_media":130182,"comment_status":"open","ping_status":"closed","sticky":false,"template":"","format":"standard","meta":{"footnotes":""},"categories":[7],"tags":[],"class_list":["post-152281","post","type-post","status-publish","format-standard","has-post-thumbnail","hentry","category-cronaca"],"_links":{"self":[{"href":"https:\/\/www.radioluna.it\/news\/wp-json\/wp\/v2\/posts\/152281","targetHints":{"allow":["GET"]}}],"collection":[{"href":"https:\/\/www.radioluna.it\/news\/wp-json\/wp\/v2\/posts"}],"about":[{"href":"https:\/\/www.radioluna.it\/news\/wp-json\/wp\/v2\/types\/post"}],"author":[{"embeddable":true,"href":"https:\/\/www.radioluna.it\/news\/wp-json\/wp\/v2\/users\/60"}],"replies":[{"embeddable":true,"href":"https:\/\/www.radioluna.it\/news\/wp-json\/wp\/v2\/comments?post=152281"}],"version-history":[{"count":0,"href":"https:\/\/www.radioluna.it\/news\/wp-json\/wp\/v2\/posts\/152281\/revisions"}],"wp:featuredmedia":[{"embeddable":true,"href":"https:\/\/www.radioluna.it\/news\/wp-json\/wp\/v2\/media\/130182"}],"wp:attachment":[{"href":"https:\/\/www.radioluna.it\/news\/wp-json\/wp\/v2\/media?parent=152281"}],"wp:term":[{"taxonomy":"category","embeddable":true,"href":"https:\/\/www.radioluna.it\/news\/wp-json\/wp\/v2\/categories?post=152281"},{"taxonomy":"post_tag","embeddable":true,"href":"https:\/\/www.radioluna.it\/news\/wp-json\/wp\/v2\/tags?post=152281"}],"curies":[{"name":"wp","href":"https:\/\/api.w.org\/{rel}","templated":true}]}}