{"id":152309,"date":"2014-07-05T09:52:44","date_gmt":"2014-07-05T07:52:44","guid":{"rendered":"http:\/\/www.radioluna.it\/news\/?p=152309"},"modified":"2014-07-05T19:34:17","modified_gmt":"2014-07-05T17:34:17","slug":"tutto-pronto-per-il-ritiro-nerazzurro-a-folgaria","status":"publish","type":"post","link":"https:\/\/www.radioluna.it\/news\/2014\/07\/tutto-pronto-per-il-ritiro-nerazzurro-a-folgaria\/","title":{"rendered":"Tutto pronto per il ritiro nerazzurro a Folgaria"},"content":{"rendered":"<div id=\"fb-root\"><\/div>\n<p style=\"text-align: justify;\"><strong><img loading=\"lazy\" decoding=\"async\" class=\"aligncenter size-thumbnail wp-image-152311\" src=\"http:\/\/www.radioluna.it\/news\/wp-content\/uploads\/2014\/07\/alpen-hotel-eghel-635x476.jpg\" alt=\"alpen-hotel-eghel\" width=\"635\" height=\"476\" srcset=\"https:\/\/www.radioluna.it\/news\/wp-content\/uploads\/2014\/07\/alpen-hotel-eghel-635x476.jpg 635w, https:\/\/www.radioluna.it\/news\/wp-content\/uploads\/2014\/07\/alpen-hotel-eghel-768x576.jpg 768w, https:\/\/www.radioluna.it\/news\/wp-content\/uploads\/2014\/07\/alpen-hotel-eghel.jpg 1024w, https:\/\/www.radioluna.it\/news\/wp-content\/uploads\/2014\/07\/alpen-hotel-eghel-500x375.jpg 500w, https:\/\/www.radioluna.it\/news\/wp-content\/uploads\/2014\/07\/alpen-hotel-eghel-300x225.jpg 300w, https:\/\/www.radioluna.it\/news\/wp-content\/uploads\/2014\/07\/alpen-hotel-eghel-800x600.jpg 800w\" sizes=\"auto, (max-width: 635px) 100vw, 635px\" \/>LATINA<\/strong> &#8211;\u00a0La localit\u00e0 del ritiro nerazzurro sar\u00e0 Folgaria, in provincia di Trento. Il Latina raggiunger\u00e0 il Trentino Alto Adige il 21 luglio per restarci fino al 3 agosto. Il raduno, invece, \u00e8 stato fissato per il 18 luglio: al Francioni andranno in scena 3 giorni di visite mediche e test atletici. La rosa e tutto lo staff alloggeranno all&#8217;Alpen Hotel Eghel, situato a 750 metri dal centro di Folgaria.<\/p>\n","protected":false},"excerpt":{"rendered":"<p>LATINA &#8211;\u00a0La localit\u00e0 del ritiro nerazzurro sar\u00e0 Folgaria, in provincia di Trento. Il Latina raggiunger\u00e0 il Trentino Alto Adige il 21 luglio per restarci fino al 3 agosto. Il raduno, invece, \u00e8 stato fissato per il 18 luglio: al Francioni andranno in scena 3 giorni di visite mediche e test atletici. La rosa e tutto [&hellip;]<\/p>\n","protected":false},"author":62,"featured_media":152311,"comment_status":"open","ping_status":"closed","sticky":false,"template":"","format":"standard","meta":{"footnotes":""},"categories":[17],"tags":[],"class_list":["post-152309","post","type-post","status-publish","format-standard","has-post-thumbnail","hentry","category-sport"],"_links":{"self":[{"href":"https:\/\/www.radioluna.it\/news\/wp-json\/wp\/v2\/posts\/152309","targetHints":{"allow":["GET"]}}],"collection":[{"href":"https:\/\/www.radioluna.it\/news\/wp-json\/wp\/v2\/posts"}],"about":[{"href":"https:\/\/www.radioluna.it\/news\/wp-json\/wp\/v2\/types\/post"}],"author":[{"embeddable":true,"href":"https:\/\/www.radioluna.it\/news\/wp-json\/wp\/v2\/users\/62"}],"replies":[{"embeddable":true,"href":"https:\/\/www.radioluna.it\/news\/wp-json\/wp\/v2\/comments?post=152309"}],"version-history":[{"count":0,"href":"https:\/\/www.radioluna.it\/news\/wp-json\/wp\/v2\/posts\/152309\/revisions"}],"wp:featuredmedia":[{"embeddable":true,"href":"https:\/\/www.radioluna.it\/news\/wp-json\/wp\/v2\/media\/152311"}],"wp:attachment":[{"href":"https:\/\/www.radioluna.it\/news\/wp-json\/wp\/v2\/media?parent=152309"}],"wp:term":[{"taxonomy":"category","embeddable":true,"href":"https:\/\/www.radioluna.it\/news\/wp-json\/wp\/v2\/categories?post=152309"},{"taxonomy":"post_tag","embeddable":true,"href":"https:\/\/www.radioluna.it\/news\/wp-json\/wp\/v2\/tags?post=152309"}],"curies":[{"name":"wp","href":"https:\/\/api.w.org\/{rel}","templated":true}]}}