{"id":152410,"date":"2014-07-07T18:22:08","date_gmt":"2014-07-07T16:22:08","guid":{"rendered":"http:\/\/www.radioluna.it\/news\/?p=152410"},"modified":"2014-07-07T18:22:08","modified_gmt":"2014-07-07T16:22:08","slug":"atletica-atleti-azzurri-sullanello-del-campo-coni","status":"publish","type":"post","link":"https:\/\/www.radioluna.it\/news\/2014\/07\/atletica-atleti-azzurri-sullanello-del-campo-coni\/","title":{"rendered":"Atletica, atleti azzurri sull&#8217;anello del Campo Coni"},"content":{"rendered":"<div id=\"fb-root\"><\/div>\n<p style=\"text-align: justify;\"><img loading=\"lazy\" decoding=\"async\" class=\"aligncenter size-full wp-image-152411\" src=\"http:\/\/www.radioluna.it\/news\/wp-content\/uploads\/2014\/07\/Simone-Mansutti-centrato.jpg\" alt=\"Simone Mansutti centrato\" width=\"328\" height=\"302\" srcset=\"https:\/\/www.radioluna.it\/news\/wp-content\/uploads\/2014\/07\/Simone-Mansutti-centrato.jpg 328w, https:\/\/www.radioluna.it\/news\/wp-content\/uploads\/2014\/07\/Simone-Mansutti-centrato-300x276.jpg 300w\" sizes=\"auto, (max-width: 328px) 100vw, 328px\" \/><\/p>\n<p style=\"text-align: justify;\">LATINA &#8211; Nel gran momento che sta attraversando l\u2019atletica locale, si inserisce una giornata particolare di grande spessore tecnico marted\u00ec 8 luglio alle 17 nel campo comunale di atletica leggera di via Botticelli a Latina. In programma \u201cCaccia al Minimo\u201d manifestazione con partecipazione di vari atleti ai vertici nazionali. La manifestazione, organizzata dall\u2019Atletica Latina 80 in concerto con i comitati Provinciale e Regionale della Fidal, \u00e8 stata concepita per dare la possibilit\u00e0 a chi ancora non ne \u00e8 in possesso, di tentare di ottenere il minimo di partecipazione per i campionati italiani assoluti in programma a Rovereto dal 18 al 20 luglio di questo mese. Per altri invece \u00e8 l\u2019occasione per rifinire la condizione di forma in vista dell\u2019appuntamento tricolore trentino.<\/p>\n<p style=\"text-align: justify;\">Ne \u00e8 uscita una gara che vedr\u00e0 calcare l\u2019anello del \u201ccampo Coni\u201d alcuni atleti prestigiosi. Tra questi si prevede un gran 100 metri con Simone Collio accreditato di un personale di 10\u201d06, Marco Torrieri, Mensah Boapong e Valerio Rosichini tutti atleti azzurri che potranno dare lo stimolo giusto a Fabio Bellagamba ed Alessandro Tartaglione nel tentativo di scendere sotto il muro degli 11 secondi.\u00a0Ottimo anche il 400 metri con al femminile la Spacca accreditata di un 52\u201d94 di gran livello, ed al maschile con la medaglia d\u2019oro degli europei juniores Lorenzi che vanta un under 47\u201d.\u00a0Si prevedono fuochi d\u2019artificio oltre i 70 metri nel lancio del martello con la nazionale Salis alla caccia del record italiano ed al maschile con il promettente Falloni che sapr\u00e0 dare lo stimolo giusto ai nostri Iazzetta e Franceschetti.<br \/>\nNel mezzofondo gara da finale dei campionati juniores con la nettunese Ceracchi alla caccia della Cavaliere e della poverini.\u00a0Gara combattutissima nell\u2019alto con la formiana Palmaccio che dovr\u00e0 vedersela con la napoletana Generali e la pupilla di casa Giulia Rossato di Sabaudia in grande stato di forma dopo il personale reatino ad 1,63.<\/p>\n<p style=\"text-align: justify;\">\nLe gare avranno inizio alle 17 e si concluderanno alle 20,30.<\/p>\n","protected":false},"excerpt":{"rendered":"<p>LATINA &#8211; Nel gran momento che sta attraversando l\u2019atletica locale, si inserisce una giornata particolare di grande spessore tecnico marted\u00ec 8 luglio alle 17 nel campo comunale di atletica leggera di via Botticelli a Latina. In programma \u201cCaccia al Minimo\u201d manifestazione con partecipazione di vari atleti ai vertici nazionali. La manifestazione, organizzata dall\u2019Atletica Latina 80 [&hellip;]<\/p>\n","protected":false},"author":60,"featured_media":152411,"comment_status":"open","ping_status":"closed","sticky":false,"template":"","format":"standard","meta":{"footnotes":""},"categories":[16,17],"tags":[],"class_list":["post-152410","post","type-post","status-publish","format-standard","has-post-thumbnail","hentry","category-appuntamenti","category-sport"],"_links":{"self":[{"href":"https:\/\/www.radioluna.it\/news\/wp-json\/wp\/v2\/posts\/152410","targetHints":{"allow":["GET"]}}],"collection":[{"href":"https:\/\/www.radioluna.it\/news\/wp-json\/wp\/v2\/posts"}],"about":[{"href":"https:\/\/www.radioluna.it\/news\/wp-json\/wp\/v2\/types\/post"}],"author":[{"embeddable":true,"href":"https:\/\/www.radioluna.it\/news\/wp-json\/wp\/v2\/users\/60"}],"replies":[{"embeddable":true,"href":"https:\/\/www.radioluna.it\/news\/wp-json\/wp\/v2\/comments?post=152410"}],"version-history":[{"count":0,"href":"https:\/\/www.radioluna.it\/news\/wp-json\/wp\/v2\/posts\/152410\/revisions"}],"wp:featuredmedia":[{"embeddable":true,"href":"https:\/\/www.radioluna.it\/news\/wp-json\/wp\/v2\/media\/152411"}],"wp:attachment":[{"href":"https:\/\/www.radioluna.it\/news\/wp-json\/wp\/v2\/media?parent=152410"}],"wp:term":[{"taxonomy":"category","embeddable":true,"href":"https:\/\/www.radioluna.it\/news\/wp-json\/wp\/v2\/categories?post=152410"},{"taxonomy":"post_tag","embeddable":true,"href":"https:\/\/www.radioluna.it\/news\/wp-json\/wp\/v2\/tags?post=152410"}],"curies":[{"name":"wp","href":"https:\/\/api.w.org\/{rel}","templated":true}]}}