{"id":152421,"date":"2014-07-08T08:31:24","date_gmt":"2014-07-08T06:31:24","guid":{"rendered":"http:\/\/www.radioluna.it\/news\/?p=152421"},"modified":"2014-07-08T13:58:55","modified_gmt":"2014-07-08T11:58:55","slug":"nuovo-logo-per-il-latina-calcio-forma-a-scudo-e-9-strisce","status":"publish","type":"post","link":"https:\/\/www.radioluna.it\/news\/2014\/07\/nuovo-logo-per-il-latina-calcio-forma-a-scudo-e-9-strisce\/","title":{"rendered":"Nuovo logo per il Latina Calcio: forma a scudo e 9 strisce simbolo di completezza"},"content":{"rendered":"<div id=\"fb-root\"><\/div>\n<p style=\"text-align: justify;\"><strong><img loading=\"lazy\" decoding=\"async\" class=\"aligncenter size-full wp-image-152422\" src=\"http:\/\/www.radioluna.it\/news\/wp-content\/uploads\/2014\/07\/us-latina-nuovo-stemma.jpg\" alt=\"us latina nuovo stemma\" width=\"513\" height=\"278\" srcset=\"https:\/\/www.radioluna.it\/news\/wp-content\/uploads\/2014\/07\/us-latina-nuovo-stemma.jpg 513w, https:\/\/www.radioluna.it\/news\/wp-content\/uploads\/2014\/07\/us-latina-nuovo-stemma-300x163.jpg 300w, https:\/\/www.radioluna.it\/news\/wp-content\/uploads\/2014\/07\/us-latina-nuovo-stemma-500x271.jpg 500w\" sizes=\"auto, (max-width: 513px) 100vw, 513px\" \/>LATINA<\/strong> &#8211;\u00a0Il Latina ha un nuovo logo ufficiale. Nell&#8217;ideazione, curata da Marco Bergo (art director) e Giovanni Piccoli (designer), \u00e8 stato comunque tenuto conto del vecchio logo &#8220;prendendone alcuni tratti distintivi, con l&#8217;obiettivo di dare pi\u00f9 forza e significato a tutti i segni&#8221;, spiega la societ\u00e0 in una nota. &#8220;Si \u00e8 partiti ridefinendo la forma, da quella ovale si \u00e8 passati allo scudo. La forma a scudo rimanda a tradizioni storiche e araldiche, restando comunque molto vicina alla consuetudine calcistica. La motivazione del cambio risiede nel desiderio di utilizzare lo scudo, universalmente riconosciuto come simbolo di lotta e competizione. La torre del Comune di Latina, elemento utilizzato per rappresentare la citt\u00e0, \u00e8 stata totalmente ridisegnata e riempita di colore. Abbandonare la \u201cvecchia\u201d torre (con i soli contorni e vuota di colore) \u00e8 stato necessario tenendo in considerazione l&#8217;obiettivo di donare maggior forza ad ogni elemento costitutivo del logo. Nel nuovo logo la torre del Comune di Latina \u00e8 stata riempita di colore dorato, e il leone alato ridisegnato partendo da quello presente sul vecchio logo. Questa scelta \u00e8 stata dettata dalla volont\u00e0 di mantenere comunque un carattere di continuit\u00e0 con il vecchio stemma. Anche in questo caso, per\u00f2, i tratti sono pi\u00f9 evidenti e rafforzati. Il leone \u00e8 stato affiancato alla torre del Comune, come se la stesse difendendo. \u00c8 anche volutamente \u201csproporzionato\u201d in grandezza, proprio per rafforzare questa idea di difesa. Nella parte inferiore del logo sono state inserite delle strisce verticali nere. Queste richiamano la tradizionale maglia dell&#8217;US Latina Calcio, ma rappresentano anche delle colonne, a testimonianza di come i colori sociali siano talmente forti da sostenere la citt\u00e0 (la torre) e la squadra (il leone). Le strisce oblique nella parte superiore del logo sono volutamente inclinate verso destra. Nella scrittura occidentale tradizionalmente si parte da sinistra e si va verso destra: le strisce rappresentano la volont\u00e0 di guardare avanti e di scrivere una nuova pagina della storia nerazzurra. Le strisce oblique nere, adagiate sullo sfondo blu che \u00e8 comune a tutto il logo, sono volutamente 9. Nove \u00e8 da molti considerato simbolo di completezza e compimento. Il compimento di un obiettivo, appunto, del quale abbiamo avuto un assaggio durante la scorsa stagione.<\/p>\n<p style=\"text-align: justify;\">Lo sponsor tecnico del club nerazzurro per la stagione 2014-2015 sar\u00e0 la Givova.<\/p>\n<p align=\"justify\">\n","protected":false},"excerpt":{"rendered":"<p>LATINA &#8211;\u00a0Il Latina ha un nuovo logo ufficiale. Nell&#8217;ideazione, curata da Marco Bergo (art director) e Giovanni Piccoli (designer), \u00e8 stato comunque tenuto conto del vecchio logo &#8220;prendendone alcuni tratti distintivi, con l&#8217;obiettivo di dare pi\u00f9 forza e significato a tutti i segni&#8221;, spiega la societ\u00e0 in una nota. &#8220;Si \u00e8 partiti ridefinendo la forma, [&hellip;]<\/p>\n","protected":false},"author":62,"featured_media":152422,"comment_status":"open","ping_status":"closed","sticky":false,"template":"","format":"standard","meta":{"footnotes":""},"categories":[17],"tags":[],"class_list":["post-152421","post","type-post","status-publish","format-standard","has-post-thumbnail","hentry","category-sport"],"_links":{"self":[{"href":"https:\/\/www.radioluna.it\/news\/wp-json\/wp\/v2\/posts\/152421","targetHints":{"allow":["GET"]}}],"collection":[{"href":"https:\/\/www.radioluna.it\/news\/wp-json\/wp\/v2\/posts"}],"about":[{"href":"https:\/\/www.radioluna.it\/news\/wp-json\/wp\/v2\/types\/post"}],"author":[{"embeddable":true,"href":"https:\/\/www.radioluna.it\/news\/wp-json\/wp\/v2\/users\/62"}],"replies":[{"embeddable":true,"href":"https:\/\/www.radioluna.it\/news\/wp-json\/wp\/v2\/comments?post=152421"}],"version-history":[{"count":0,"href":"https:\/\/www.radioluna.it\/news\/wp-json\/wp\/v2\/posts\/152421\/revisions"}],"wp:featuredmedia":[{"embeddable":true,"href":"https:\/\/www.radioluna.it\/news\/wp-json\/wp\/v2\/media\/152422"}],"wp:attachment":[{"href":"https:\/\/www.radioluna.it\/news\/wp-json\/wp\/v2\/media?parent=152421"}],"wp:term":[{"taxonomy":"category","embeddable":true,"href":"https:\/\/www.radioluna.it\/news\/wp-json\/wp\/v2\/categories?post=152421"},{"taxonomy":"post_tag","embeddable":true,"href":"https:\/\/www.radioluna.it\/news\/wp-json\/wp\/v2\/tags?post=152421"}],"curies":[{"name":"wp","href":"https:\/\/api.w.org\/{rel}","templated":true}]}}