{"id":152423,"date":"2014-07-08T08:47:43","date_gmt":"2014-07-08T06:47:43","guid":{"rendered":"http:\/\/www.radioluna.it\/news\/?p=152423"},"modified":"2014-07-08T08:47:43","modified_gmt":"2014-07-08T06:47:43","slug":"latina-casa-dei-papa-separati-il-servizio-non-parte","status":"publish","type":"post","link":"https:\/\/www.radioluna.it\/news\/2014\/07\/latina-casa-dei-papa-separati-il-servizio-non-parte\/","title":{"rendered":"Latina, Casa dei pap\u00e0 separati, il servizio non parte"},"content":{"rendered":"<div id=\"fb-root\"><\/div>\n<div id=\"attachment_138523\" style=\"width: 310px\" class=\"wp-caption alignleft\"><img loading=\"lazy\" decoding=\"async\" aria-describedby=\"caption-attachment-138523\" class=\"wp-image-138523 size-medium\" src=\"http:\/\/www.radioluna.it\/news\/wp-content\/uploads\/2013\/07\/FANTI_SINDACO-300x225.jpg\" alt=\"L'ex assessore Patrizia Fanti con il sindaco di Latina Di Giorgi\" width=\"300\" height=\"225\" srcset=\"https:\/\/www.radioluna.it\/news\/wp-content\/uploads\/2013\/07\/FANTI_SINDACO-300x225.jpg 300w, https:\/\/www.radioluna.it\/news\/wp-content\/uploads\/2013\/07\/FANTI_SINDACO.jpg 500w\" sizes=\"auto, (max-width: 300px) 100vw, 300px\" \/><p id=\"caption-attachment-138523\" class=\"wp-caption-text\">L&#8217;ex assessore Patrizia Fanti con il sindaco di Latina Di Giorgi<\/p><\/div>\n<p style=\"text-align: justify;\"><strong>LATINA<\/strong> &#8211; &#8220;La Casa dei pap\u00e0 separati, tre alloggi pronti ma il servizio non parte. Tutte le gare e i bandi relativi all&#8217;acquisto degli arredi erano stati fatti tramite il Consip, alcune hanno subito degli arresti. Che fine ha fatto la casa dei padri separati?&#8221;. Se lo chiede \u00a0l&#8217;ex assessore ai servizi sociali del Comune di Latina Patrizia Fanti: &#8220;Non fingiamo di non sapere che alcuni padri sono ospiti nei dormitori e che in tali condizioni sono costretti ad incontrare i figli nei giardini pubblici o nei centri commerciali&#8221;<\/p>\n<p style=\"text-align: justify;\">Il progetto afferente ai servizi sociali, dal nome &#8220;A casa con pap\u00e0&#8221; era nato nel 2011 quando la Fanti present\u00f2 all&#8217;assessorato ai servizi sociali della Regione Lazio una domanda di finanziamento di 200 mila euro.<\/p>\n<p style=\"text-align: justify;\"><strong>TRE ALLOGGI QUASI PRONTI MA IL SERVIZIO NON PARTE &#8211;<\/strong>\u00a0Soldi che servivano per arredare i tre alloggi con annesso un piccolo giardino in via Scipione L&#8217;Africano a Latina e per supportare il servizio che fornisce assistenza legale e psicologica ai pap\u00e0 separati. &#8220;A febbraio \u00a0&#8211; aggiunge Fanti &#8211; il progetto sembrava essere arrivato molto vicino al taglio del nastro, con le delibere sugli arredi dei tre alloggi pronte e solo alcuni dettagli da definire, a distanza di quasi sei mesi sembra che sia tutto fermo e che il progetto, sia stato &#8216;messo da parte&#8217; con il cambio di guardia all&#8217;assessorato&#8221;.<\/p>\n<p style=\"text-align: justify;\"><strong>GLI INTOPPI IN ALCUNI BANDI<\/strong>.&#8221;Il progetto &#8211; scrive la Fanti &#8211; coglie la esigenza del tutto oggettiva e documentata della accoglienza dei padri separati in appartamenti di propriet\u00e0 del comune di Latina, padri che versano in condizioni economiche difficili a causa della crisi ed ancora a causa dell&#8217;incremento delle spese conseguente alla nascita di due separati nuclei familiari. Per questi uomini, le ristrettezze sono rese ancora pi\u00f9 mortificanti dall&#8217; impossibilit\u00e0 di esercitare il ruolo di genitore in un luogo idoneo che crei le condizioni della riservatezza ed intimit\u00e0 indispensabili. Ebbene quando ho &#8220;lasciato&#8221; l&#8217;assessorato l&#8217; iniziativa era ad un buon punto: eseguite le pulizie, acquistate e montate le cucine, in itinere le gare per il completamento degli arredi. Erano stati ordinati anche i giochi per i giardini degli appartamenti, pensati nei minimi particolari proprio per permettere ai padri di ospitare i figli in un contesto accogliente e pensato per loro. Tutte le gare e i bandi relativi all&#8217;acquisto degli arredi erano stati fatti tramite il Consip, alcune erano andate a buon fine, altre hanno subito rallentamenti e arresti dovuti ad anomalie ed inadempienze nella documentazione fornita dalle ditte. Ma ad un passo dal realizzare il progetto fermarsi significherebbe disperdere una possibile risorsa per la genitorialit\u00e0 che permettere di dare continuit\u00e0 al rapporto padre-figlio, spesso nelle separazioni interrotto bruscamente proprio a causa del disagio economico e materiale&#8221;.<\/p>\n<p style=\"text-align: justify;\">UN PROGETTO A SOSTEGNO DEI MINORI. &#8220;Ora atteso che il fenomeno del disagio per i pap\u00e0 separati non \u00e8 finito &#8211; dice la Fanti &#8211; mi chiedo quando si intende provvedere alla apertura delle case ed agli atti conseguenti. Non fingiamo di non sapere che alcuni di essi sono ospiti nei dormitori e che in tali condizioni sono costretti ad incontrare i figli nei giardini pubblici o nei centri commerciali&#8221;. &#8220;Mi auguro che si comprenda che si tratta di un servizio importante per la citt\u00e0 da inquadrare nell&#8217;ottica della famiglia e dei minori, due realt\u00e0 su cui i servizi sociali dovrebbero fare anche una importante opera di prevenzione come in questo caso, e non solo intervenire a situazioni di &#8216;crisi e disagio&#8217; gi\u00e0 conclamate&#8221;.<\/p>\n","protected":false},"excerpt":{"rendered":"<p>LATINA &#8211; &#8220;La Casa dei pap\u00e0 separati, tre alloggi pronti ma il servizio non parte. Tutte le gare e i bandi relativi all&#8217;acquisto degli arredi erano stati fatti tramite il Consip, alcune hanno subito degli arresti. Che fine ha fatto la casa dei padri separati?&#8221;. Se lo chiede \u00a0l&#8217;ex assessore ai servizi sociali del Comune [&hellip;]<\/p>\n","protected":false},"author":62,"featured_media":138523,"comment_status":"open","ping_status":"closed","sticky":false,"template":"","format":"standard","meta":{"footnotes":""},"categories":[7],"tags":[],"class_list":["post-152423","post","type-post","status-publish","format-standard","has-post-thumbnail","hentry","category-cronaca"],"_links":{"self":[{"href":"https:\/\/www.radioluna.it\/news\/wp-json\/wp\/v2\/posts\/152423","targetHints":{"allow":["GET"]}}],"collection":[{"href":"https:\/\/www.radioluna.it\/news\/wp-json\/wp\/v2\/posts"}],"about":[{"href":"https:\/\/www.radioluna.it\/news\/wp-json\/wp\/v2\/types\/post"}],"author":[{"embeddable":true,"href":"https:\/\/www.radioluna.it\/news\/wp-json\/wp\/v2\/users\/62"}],"replies":[{"embeddable":true,"href":"https:\/\/www.radioluna.it\/news\/wp-json\/wp\/v2\/comments?post=152423"}],"version-history":[{"count":0,"href":"https:\/\/www.radioluna.it\/news\/wp-json\/wp\/v2\/posts\/152423\/revisions"}],"wp:featuredmedia":[{"embeddable":true,"href":"https:\/\/www.radioluna.it\/news\/wp-json\/wp\/v2\/media\/138523"}],"wp:attachment":[{"href":"https:\/\/www.radioluna.it\/news\/wp-json\/wp\/v2\/media?parent=152423"}],"wp:term":[{"taxonomy":"category","embeddable":true,"href":"https:\/\/www.radioluna.it\/news\/wp-json\/wp\/v2\/categories?post=152423"},{"taxonomy":"post_tag","embeddable":true,"href":"https:\/\/www.radioluna.it\/news\/wp-json\/wp\/v2\/tags?post=152423"}],"curies":[{"name":"wp","href":"https:\/\/api.w.org\/{rel}","templated":true}]}}