{"id":152437,"date":"2014-07-08T12:57:53","date_gmt":"2014-07-08T10:57:53","guid":{"rendered":"http:\/\/www.radioluna.it\/news\/?p=152437"},"modified":"2016-10-13T17:30:01","modified_gmt":"2016-10-13T15:30:01","slug":"addio-silvio-oddi-danza-in-lutto-a-latina","status":"publish","type":"post","link":"https:\/\/www.radioluna.it\/news\/2014\/07\/addio-silvio-oddi-danza-in-lutto-a-latina\/","title":{"rendered":"Addio Silvio Oddi, danza in lutto a Latina"},"content":{"rendered":"<div id=\"fb-root\"><\/div>\n<p style=\"text-align: justify;\"><a href=\"http:\/\/www.radioluna.it\/news\/wp-content\/uploads\/2014\/07\/Silvio-Oddi-in-un-passo-a-due-con-Annamaria-Mecozzi-635x476-1.jpg\"><img loading=\"lazy\" decoding=\"async\" class=\"aligncenter wp-image-182449\" src=\"http:\/\/www.radioluna.it\/news\/wp-content\/uploads\/2014\/07\/Silvio-Oddi-in-un-passo-a-due-con-Annamaria-Mecozzi-635x476-1.jpg\" alt=\"silvio-oddi-in-un-passo-a-due-con-annamaria-mecozzi-635x476\" width=\"689\" height=\"466\" srcset=\"https:\/\/www.radioluna.it\/news\/wp-content\/uploads\/2014\/07\/Silvio-Oddi-in-un-passo-a-due-con-Annamaria-Mecozzi-635x476-1.jpg 626w, https:\/\/www.radioluna.it\/news\/wp-content\/uploads\/2014\/07\/Silvio-Oddi-in-un-passo-a-due-con-Annamaria-Mecozzi-635x476-1-300x203.jpg 300w\" sizes=\"auto, (max-width: 689px) 100vw, 689px\" \/><\/a><\/p>\n<p style=\"text-align: justify;\"><strong>LATINA<\/strong> &#8211; Lutto nel mondo della danza a Latina. Si \u00a0\u00e8 diffusa rapidamente marted\u00ec la notizia della scomparsa improvvisa di Silvio Oddi, ballerino romano di 43 anni, di casa nel capoluogo pontino dove lo conoscono centinaia di aspiranti ballerini e ballerine, oltre ai professionisti del settore. Collaborava stabilmente da oltre vent&#8217;anni con le maestre Anna Maria Mecozzi (con lei doveva affrontare proprio in estate una serie di impegni professionali) e Barbara Tudini, dell&#8217;Associazione Danza Don Bosco. Aveva lavorato come coreografo nello spettacolo della Progetto Danza &#8220;Ti vedo&#8221; andato in scena al D&#8217;Annunzio nel 2012. A Latina ha tenuto vari stage e avrebbe dovuto essere di nuovo nel capoluogo pontino per il Primo Campus Internazionale di Danza in programma\u00a0al Palafitness il 13 e 14 Luglio 2014 con altri tre illustri colleghi, Carl Portal, Eugenio Buratti e Steve La Chance.<\/p>\n<p style=\"text-align: justify;\">Giudice esterno di Amici di Maria de Filippi, era diventato famoso al fianco di Lorella Cuccarini che lo aveva notato e voluto con s\u00e9 in Fantastico e Buona Domenica. Ma il successo non lo aveva cambiato, era rimasto schivo e riservato, umile e appassionato della danza che &#8211; diceva &#8211; &#8220;<span style=\"color: #565656;\">\u00a0per me \u00e8 stata sempre e solo frutto di una passione spontanea, non ho mai avuto nessun obiettivo nemmeno di carattere lavorativo&#8221;<\/span>.<\/p>\n<p style=\"text-align: justify;\">La notizia della sua scomparsa, avvenuta a causa di un infarto, nella notte, mentre rientrava a casa a Rignano Flaminio, ha lasciato tra le lacrime i suoi allievi. \u00a0Oddi (che avrebbe compiuto 44 anni il prossimo 10 settembre) non ha avuto scampo: alla guida della sua auto ha accostato poi \u00e8 stato soccorso dai carabinieri e dal 118, ma per lui non c&#8217;era gi\u00e0 pi\u00f9 nulla da fare. Il suo corpo si trova all&#8217;obitorio dell&#8217;Ospedale Sant&#8217;Andrea. Lascia due figli, \u00a0Sofia e Christopher, che vivono a Los Angeles.<\/p>\n<p style=\"text-align: justify;\">&#8220;Silvio era una grande persona, un grande professionista oltre che amico da 25 anni. Voglio sottolineare di lui la grande umilt\u00e0, una qualit\u00e0 che lo ha sempre contraddistinto anche quando si \u00e8 affermato ed \u00e8 diventato famoso. Ci mancher\u00e0 tantissimo, sono sconvolta&#8221;, dice Anna Maria Mecozzi.<\/p>\n<p style=\"text-align: justify;\"><span style=\"color: #292f33;\"><img loading=\"lazy\" decoding=\"async\" class=\"alignleft size-medium wp-image-152481\" src=\"http:\/\/www.radioluna.it\/news\/wp-content\/uploads\/2014\/07\/cuccarini-con-oddi-300x219.jpg\" alt=\"cuccarini con oddi\" width=\"300\" height=\"219\" srcset=\"https:\/\/www.radioluna.it\/news\/wp-content\/uploads\/2014\/07\/cuccarini-con-oddi-300x219.jpg 300w, https:\/\/www.radioluna.it\/news\/wp-content\/uploads\/2014\/07\/cuccarini-con-oddi-500x366.jpg 500w, https:\/\/www.radioluna.it\/news\/wp-content\/uploads\/2014\/07\/cuccarini-con-oddi.jpg 528w\" sizes=\"auto, (max-width: 300px) 100vw, 300px\" \/>&#8220;Ti ricorder\u00f2 sempre cos\u00ec: talentuoso, appassionato, infaticabile&#8230; Questo non \u00e8 un addio ma solo un arrivederci&#8221;, \u00e8 il tweet di Lorella Cuccarini. A ricordarlo anche il collega Kledi Kadiu, la cantante Laura Pausini, Rossella Brescia.\u00a0<\/span><\/p>\n<p style=\"text-align: justify;\"><span style=\"color: #292f33;\">&#8220;Ballerai con gli angeli&#8221;, \u00e8 tra le frasi pi\u00f9 ricorrenti nei messaggi postati \u00a0sulla pagina Facebook di Silvio Oddi. <\/span><\/p>\n<p><strong>I funerali si terranno venerd\u00ec alle 12 nella Chiesa degli Artisti di Roma in Piazza del Popolo.<\/strong><\/p>\n","protected":false},"excerpt":{"rendered":"<p>LATINA &#8211; Lutto nel mondo della danza a Latina. Si \u00a0\u00e8 diffusa rapidamente marted\u00ec la notizia della scomparsa improvvisa di Silvio Oddi, ballerino romano di 43 anni, di casa nel capoluogo pontino dove lo conoscono centinaia di aspiranti ballerini e ballerine, oltre ai professionisti del settore. Collaborava stabilmente da oltre vent&#8217;anni con le maestre Anna [&hellip;]<\/p>\n","protected":false},"author":62,"featured_media":152439,"comment_status":"open","ping_status":"closed","sticky":false,"template":"","format":"standard","meta":{"footnotes":""},"categories":[7],"tags":[],"class_list":["post-152437","post","type-post","status-publish","format-standard","has-post-thumbnail","hentry","category-cronaca"],"_links":{"self":[{"href":"https:\/\/www.radioluna.it\/news\/wp-json\/wp\/v2\/posts\/152437","targetHints":{"allow":["GET"]}}],"collection":[{"href":"https:\/\/www.radioluna.it\/news\/wp-json\/wp\/v2\/posts"}],"about":[{"href":"https:\/\/www.radioluna.it\/news\/wp-json\/wp\/v2\/types\/post"}],"author":[{"embeddable":true,"href":"https:\/\/www.radioluna.it\/news\/wp-json\/wp\/v2\/users\/62"}],"replies":[{"embeddable":true,"href":"https:\/\/www.radioluna.it\/news\/wp-json\/wp\/v2\/comments?post=152437"}],"version-history":[{"count":0,"href":"https:\/\/www.radioluna.it\/news\/wp-json\/wp\/v2\/posts\/152437\/revisions"}],"wp:featuredmedia":[{"embeddable":true,"href":"https:\/\/www.radioluna.it\/news\/wp-json\/wp\/v2\/media\/152439"}],"wp:attachment":[{"href":"https:\/\/www.radioluna.it\/news\/wp-json\/wp\/v2\/media?parent=152437"}],"wp:term":[{"taxonomy":"category","embeddable":true,"href":"https:\/\/www.radioluna.it\/news\/wp-json\/wp\/v2\/categories?post=152437"},{"taxonomy":"post_tag","embeddable":true,"href":"https:\/\/www.radioluna.it\/news\/wp-json\/wp\/v2\/tags?post=152437"}],"curies":[{"name":"wp","href":"https:\/\/api.w.org\/{rel}","templated":true}]}}