{"id":152452,"date":"2014-07-08T17:44:34","date_gmt":"2014-07-08T15:44:34","guid":{"rendered":"http:\/\/www.radioluna.it\/news\/?p=152452"},"modified":"2014-07-08T17:44:34","modified_gmt":"2014-07-08T15:44:34","slug":"latina-calcio-arriva-andrea-rossi-dal-parma","status":"publish","type":"post","link":"https:\/\/www.radioluna.it\/news\/2014\/07\/latina-calcio-arriva-andrea-rossi-dal-parma\/","title":{"rendered":"Latina Calcio: arriva Andrea Rossi dal Parma"},"content":{"rendered":"<div id=\"fb-root\"><\/div>\n<p align=\"justify\"><span style=\"font-family: Tahoma, sans-serif;\"><img loading=\"lazy\" decoding=\"async\" class=\"aligncenter size-thumbnail wp-image-152453\" src=\"http:\/\/www.radioluna.it\/news\/wp-content\/uploads\/2014\/07\/Andrea-Rossi-latina-calcio-635x476.jpg\" alt=\"Andrea Rossi latina calcio\" width=\"635\" height=\"476\" srcset=\"https:\/\/www.radioluna.it\/news\/wp-content\/uploads\/2014\/07\/Andrea-Rossi-latina-calcio-635x476.jpg 635w, https:\/\/www.radioluna.it\/news\/wp-content\/uploads\/2014\/07\/Andrea-Rossi-latina-calcio-768x576.jpg 768w, https:\/\/www.radioluna.it\/news\/wp-content\/uploads\/2014\/07\/Andrea-Rossi-latina-calcio-500x375.jpg 500w, https:\/\/www.radioluna.it\/news\/wp-content\/uploads\/2014\/07\/Andrea-Rossi-latina-calcio.jpg 800w, https:\/\/www.radioluna.it\/news\/wp-content\/uploads\/2014\/07\/Andrea-Rossi-latina-calcio-300x225.jpg 300w\" sizes=\"auto, (max-width: 635px) 100vw, 635px\" \/><\/span><\/p>\n<p align=\"justify\"><span style=\"font-family: Tahoma, sans-serif;\">LATINA &#8211; Il Latina si rinforza con Andrea Rossi, esterno sinistro classe &#8217;86 che arriva dal Parma con la formula del prestito secco. Lo scorso anno a Pescara (32 presenze e 1 gol), il giocatore nato a San Benedetto del Tronto si \u00e8 legato al club del capoluogo nel primo pomeriggio di oggi. \u201cSono soddisfatto che la trattativa sia andata in porto in maniera positiva \u2013 ha dichiarato Rossi \u2013 Sono inoltre consapevole di arrivare in un club ambizioso, che si presenter\u00e0 alla nuova stagione con la voglia di ripetere il gran campionato che l&#8217;ha visto sfiorare la serie A. La societ\u00e0 mi ha fatto una grande impressione: \u00e8 composta da persone serie, che credono in quello che fanno, innamorate della squadra e coinvolte al 100 percento dal progetto. A questo punto non vedo l&#8217;ora di iniziare anche perch\u00e9 ho vissuto l&#8217;ambiente che si respira in questa citt\u00e0 in occasione della partita giocata al Francioni col Pescara, vincemmo noi ma rimasi colpito dal calore del vostro stadio. Un calore che spero di ritrovare anche nel prossimo campionato, convinto che la rosa che verr\u00e0 allestita potr\u00e0 recitare un ruolo da protagonista\u201d.\u00a0<\/span><\/p>\n","protected":false},"excerpt":{"rendered":"<p>LATINA &#8211; Il Latina si rinforza con Andrea Rossi, esterno sinistro classe &#8217;86 che arriva dal Parma con la formula del prestito secco. Lo scorso anno a Pescara (32 presenze e 1 gol), il giocatore nato a San Benedetto del Tronto si \u00e8 legato al club del capoluogo nel primo pomeriggio di oggi. \u201cSono soddisfatto [&hellip;]<\/p>\n","protected":false},"author":60,"featured_media":152453,"comment_status":"open","ping_status":"closed","sticky":false,"template":"","format":"standard","meta":{"footnotes":""},"categories":[7,17],"tags":[],"class_list":["post-152452","post","type-post","status-publish","format-standard","has-post-thumbnail","hentry","category-cronaca","category-sport"],"_links":{"self":[{"href":"https:\/\/www.radioluna.it\/news\/wp-json\/wp\/v2\/posts\/152452","targetHints":{"allow":["GET"]}}],"collection":[{"href":"https:\/\/www.radioluna.it\/news\/wp-json\/wp\/v2\/posts"}],"about":[{"href":"https:\/\/www.radioluna.it\/news\/wp-json\/wp\/v2\/types\/post"}],"author":[{"embeddable":true,"href":"https:\/\/www.radioluna.it\/news\/wp-json\/wp\/v2\/users\/60"}],"replies":[{"embeddable":true,"href":"https:\/\/www.radioluna.it\/news\/wp-json\/wp\/v2\/comments?post=152452"}],"version-history":[{"count":0,"href":"https:\/\/www.radioluna.it\/news\/wp-json\/wp\/v2\/posts\/152452\/revisions"}],"wp:featuredmedia":[{"embeddable":true,"href":"https:\/\/www.radioluna.it\/news\/wp-json\/wp\/v2\/media\/152453"}],"wp:attachment":[{"href":"https:\/\/www.radioluna.it\/news\/wp-json\/wp\/v2\/media?parent=152452"}],"wp:term":[{"taxonomy":"category","embeddable":true,"href":"https:\/\/www.radioluna.it\/news\/wp-json\/wp\/v2\/categories?post=152452"},{"taxonomy":"post_tag","embeddable":true,"href":"https:\/\/www.radioluna.it\/news\/wp-json\/wp\/v2\/tags?post=152452"}],"curies":[{"name":"wp","href":"https:\/\/api.w.org\/{rel}","templated":true}]}}