{"id":152454,"date":"2014-07-08T17:52:01","date_gmt":"2014-07-08T15:52:01","guid":{"rendered":"http:\/\/www.radioluna.it\/news\/?p=152454"},"modified":"2014-07-08T17:52:01","modified_gmt":"2014-07-08T15:52:01","slug":"a-cisterna-si-premiano-le-idee-di-impresa-per-i-giovani","status":"publish","type":"post","link":"https:\/\/www.radioluna.it\/news\/2014\/07\/a-cisterna-si-premiano-le-idee-di-impresa-per-i-giovani\/","title":{"rendered":"A Cisterna si premiano le idee di impresa per i giovani"},"content":{"rendered":"<div id=\"fb-root\"><\/div>\n<div id=\"attachment_123629\" style=\"width: 160px\" class=\"wp-caption aligncenter\"><img loading=\"lazy\" decoding=\"async\" aria-describedby=\"caption-attachment-123629\" class=\"size-thumbnail wp-image-123629\" src=\"http:\/\/www.radioluna.it\/news\/wp-content\/uploads\/2012\/08\/lavoro-computer-150x150.jpg\" alt=\"Lavoro\" width=\"150\" height=\"150\" \/><p id=\"caption-attachment-123629\" class=\"wp-caption-text\">Lavoro<\/p><\/div>\n<p style=\"text-align: justify;\">CISTERNA &#8211;\u00a0E\u2019 stato pubblicato l\u2019avviso pubblico \u201cPremio la tua idea di impresa\u201d rivolto ai giovani tra i 18 ed i 35 anni, anche gi\u00e0 compiuti, residenti a Cisterna o in uno dei Comuni del Distretto (Aprilia, Cori e Rocca Massima), che abbiano intenzione di realizzare un\u2019idea d\u2019impresa con sede legale entro il territorio del distretto.<br \/>\nL\u2019iniziativa nasce all\u2019interno del Piano Locale Giovani con il Servizio CILO \u2013 Informagiovani di Aprilia capofila, in collaborazione con BIC Lazio, e vuole avviare azioni che attraverso l\u2019orientamento, il sostegno informativo e formativo, stimolino la realizzazione di idee innovative e la creazione di imprese giovanili.<\/p>\n<p style=\"text-align: justify;\">Le idee proposte verranno esaminate da una commissione di valutazione che, attraverso l\u2019analisi dell\u2019idea imprenditoriale presentata, selezioner\u00e0 le 40 migliori che verranno ammesse alla fase successiva del concorso, la quale prevede la partecipazione ad un percorso formativo per la realizzazione del Business Plan.<br \/>\nAl termine del percorso formativo saranno premiate le migliori idee di impresa (business idea) ed un ulteriore premio sar\u00e0 assegnato alle imprese che concretamente si costituiranno avviando l\u2019attivit\u00e0.<br \/>\nPossono partecipare giovani disoccupati o inoccupati alla data di presentazione della domanda di partecipazione e sar\u00e0 data priorit\u00e0 alle idee di impresa che, oltre ad avere la sede legale in uno dei Comuni coinvolti, opereranno sul territorio degli stessi, offrendo un servizio per i cittadini che vi risiedono.<\/p>\n<p style=\"text-align: justify;\">La modulistica per la partecipazione all\u2019iniziativa \u00e8 presente sul sito internet del Comune di Cisterna, nella sezione \u201cBandi di concorso\u201d, e compilata dovr\u00e0 pervenire al protocollo generale del Comune di Aprilia \u2013 III Settore, Servizio CILO\/Informagiovani, Piazza Roma 1 \u2013 entro le ore 12 del 15 ottobre 2014.<br \/>\nPer informazioni \u00e8 possibile rivolgersi presso l\u2019Ufficio CILO-Informagiovani di Cisterna sito in Corso della Repubblica, 186 &#8211; 1\u00b0 piano &#8211; tel.06.96834221 &#8211; cilo@comune.cisterna.latina.it il mercoled\u00ec dalle 9.00 alle 13.00 e il marted\u00ec e gioved\u00ec dalle 15.30 alle 17.30<\/p>\n","protected":false},"excerpt":{"rendered":"<p>CISTERNA &#8211;\u00a0E\u2019 stato pubblicato l\u2019avviso pubblico \u201cPremio la tua idea di impresa\u201d rivolto ai giovani tra i 18 ed i 35 anni, anche gi\u00e0 compiuti, residenti a Cisterna o in uno dei Comuni del Distretto (Aprilia, Cori e Rocca Massima), che abbiano intenzione di realizzare un\u2019idea d\u2019impresa con sede legale entro il territorio del distretto. [&hellip;]<\/p>\n","protected":false},"author":60,"featured_media":0,"comment_status":"open","ping_status":"closed","sticky":false,"template":"","format":"standard","meta":{"footnotes":""},"categories":[7,11],"tags":[],"class_list":["post-152454","post","type-post","status-publish","format-standard","hentry","category-cronaca","category-economia"],"_links":{"self":[{"href":"https:\/\/www.radioluna.it\/news\/wp-json\/wp\/v2\/posts\/152454","targetHints":{"allow":["GET"]}}],"collection":[{"href":"https:\/\/www.radioluna.it\/news\/wp-json\/wp\/v2\/posts"}],"about":[{"href":"https:\/\/www.radioluna.it\/news\/wp-json\/wp\/v2\/types\/post"}],"author":[{"embeddable":true,"href":"https:\/\/www.radioluna.it\/news\/wp-json\/wp\/v2\/users\/60"}],"replies":[{"embeddable":true,"href":"https:\/\/www.radioluna.it\/news\/wp-json\/wp\/v2\/comments?post=152454"}],"version-history":[{"count":0,"href":"https:\/\/www.radioluna.it\/news\/wp-json\/wp\/v2\/posts\/152454\/revisions"}],"wp:attachment":[{"href":"https:\/\/www.radioluna.it\/news\/wp-json\/wp\/v2\/media?parent=152454"}],"wp:term":[{"taxonomy":"category","embeddable":true,"href":"https:\/\/www.radioluna.it\/news\/wp-json\/wp\/v2\/categories?post=152454"},{"taxonomy":"post_tag","embeddable":true,"href":"https:\/\/www.radioluna.it\/news\/wp-json\/wp\/v2\/tags?post=152454"}],"curies":[{"name":"wp","href":"https:\/\/api.w.org\/{rel}","templated":true}]}}