{"id":152456,"date":"2014-07-08T18:14:21","date_gmt":"2014-07-08T16:14:21","guid":{"rendered":"http:\/\/www.radioluna.it\/news\/?p=152456"},"modified":"2014-07-08T18:14:21","modified_gmt":"2014-07-08T16:14:21","slug":"spaccio-di-droga-sotto-gli-uffici-dellintendenza-di-finanza","status":"publish","type":"post","link":"https:\/\/www.radioluna.it\/news\/2014\/07\/spaccio-di-droga-sotto-gli-uffici-dellintendenza-di-finanza\/","title":{"rendered":"Spaccio di droga sotto gli uffici dell&#8217;Intendenza di Finanza"},"content":{"rendered":"<div id=\"fb-root\"><\/div>\n<p style=\"text-align: justify;\"><img loading=\"lazy\" decoding=\"async\" class=\"aligncenter size-thumbnail wp-image-107615\" src=\"http:\/\/www.radioluna.it\/news\/wp-content\/uploads\/2011\/07\/droga-150x150.jpg\" alt=\"droga\" width=\"150\" height=\"150\" \/>LATINA &#8211; A indicare una delle zone maggiori di spaccio, prorpio nel centro storico a un passo dagli uffici comunali, \u00e8 stato uno studente\u00a0dell&#8217;istituto Manzoni. A ricevere la segnalazione \u00e8 stata la consigliera Pd Nicoletta Zuliani, docente nell&#8217;istituto. \u00a0\u201cIl fatto che uno studente sia venuto a consegnarmi le fotografie di una situazione di degrado che ha rilevato nella zona che frequenta per andare a scuola &#8211; spiega la Zuliani &#8211; \u00a0\u00e8 indicativa di quanto i ragazzi riescano ancora ad avere fiducia nelle Istituzioni, ed \u00e8 anche per questo che a loro dobbiamo una risposta sinergica per contrastare le emergenze sociali ed in particolare quelle che li riguardano, come il pericolo della droga, purtroppo sempre in agguato tra i giovani. Una delle zone maggiori di spaccio, sembra assurdo quanto grave ma \u00e8 cos\u00ec, \u00e8 proprio sotto i nostri uffici comunali, sotto l&#8217;Intendenza di Finanza in Piazza del Popolo\u201d.<\/p>\n<p style=\"text-align: justify;\">\u201cIl governo della citt\u00e0, in questi anni \u2013 aggiunge Zuliani \u2013 per il contrasto alla diffusione delle droghe tra i giovani ha fatto ben poco. Ci si \u00e8 attivati sicuramente di pi\u00f9 per lo sport, ma una citt\u00e0 come Latina non pu\u00f2 accontentarsi di qualche evento, dietro cui nascondersi per dire che si \u00e8 fatto qualcosa per i giovani. Ora pi\u00f9 che mai, visto l&#8217;arrivo della stagione estiva \u2013 quando i ragazzi sono per strada per molto pi\u00f9 tempo rispetto all&#8217;inverno \u2013 bisogna tenere gli occhi aperti e fornire risposte ai bisogni aggregativi dei ragazzi, che altrimenti rischiano di prendere strade ed avvalersi delle compagnie sbagliate. Il Comune, come Istituzione pi\u00f9 prossima ai cittadini, deve farsi carico di questa esigenza e cercare l&#8217;apertura di un tavolo con gli altri organi presenti sul territorio, primo fra tutti quello della Prefettura. Fra l&#8217;altro stupisce che, a distanza di un anno rispetto alla mia richiesta di incontro con il prefetto Antonio D&#8217;Acunto, proprio a proposito dell&#8217;emergenza sociale della diffusione delle droghe tra i giovani, non abbia ricevuto alcuna risposta\u201d.<\/p>\n<p>&nbsp;<\/p>\n","protected":false},"excerpt":{"rendered":"<p>LATINA &#8211; A indicare una delle zone maggiori di spaccio, prorpio nel centro storico a un passo dagli uffici comunali, \u00e8 stato uno studente\u00a0dell&#8217;istituto Manzoni. A ricevere la segnalazione \u00e8 stata la consigliera Pd Nicoletta Zuliani, docente nell&#8217;istituto. \u00a0\u201cIl fatto che uno studente sia venuto a consegnarmi le fotografie di una situazione di degrado che [&hellip;]<\/p>\n","protected":false},"author":60,"featured_media":107615,"comment_status":"open","ping_status":"closed","sticky":false,"template":"","format":"standard","meta":{"footnotes":""},"categories":[7],"tags":[],"class_list":["post-152456","post","type-post","status-publish","format-standard","has-post-thumbnail","hentry","category-cronaca"],"_links":{"self":[{"href":"https:\/\/www.radioluna.it\/news\/wp-json\/wp\/v2\/posts\/152456","targetHints":{"allow":["GET"]}}],"collection":[{"href":"https:\/\/www.radioluna.it\/news\/wp-json\/wp\/v2\/posts"}],"about":[{"href":"https:\/\/www.radioluna.it\/news\/wp-json\/wp\/v2\/types\/post"}],"author":[{"embeddable":true,"href":"https:\/\/www.radioluna.it\/news\/wp-json\/wp\/v2\/users\/60"}],"replies":[{"embeddable":true,"href":"https:\/\/www.radioluna.it\/news\/wp-json\/wp\/v2\/comments?post=152456"}],"version-history":[{"count":0,"href":"https:\/\/www.radioluna.it\/news\/wp-json\/wp\/v2\/posts\/152456\/revisions"}],"wp:featuredmedia":[{"embeddable":true,"href":"https:\/\/www.radioluna.it\/news\/wp-json\/wp\/v2\/media\/107615"}],"wp:attachment":[{"href":"https:\/\/www.radioluna.it\/news\/wp-json\/wp\/v2\/media?parent=152456"}],"wp:term":[{"taxonomy":"category","embeddable":true,"href":"https:\/\/www.radioluna.it\/news\/wp-json\/wp\/v2\/categories?post=152456"},{"taxonomy":"post_tag","embeddable":true,"href":"https:\/\/www.radioluna.it\/news\/wp-json\/wp\/v2\/tags?post=152456"}],"curies":[{"name":"wp","href":"https:\/\/api.w.org\/{rel}","templated":true}]}}