{"id":152552,"date":"2014-07-10T18:15:30","date_gmt":"2014-07-10T16:15:30","guid":{"rendered":"http:\/\/www.radioluna.it\/news\/?p=152552"},"modified":"2014-07-10T18:15:30","modified_gmt":"2014-07-10T16:15:30","slug":"imprenditoria-femminile-workshop-facebook-marketing","status":"publish","type":"post","link":"https:\/\/www.radioluna.it\/news\/2014\/07\/imprenditoria-femminile-workshop-facebook-marketing\/","title":{"rendered":"Imprenditoria femminile, workshop &#8220;Facebook Marketing&#8221;"},"content":{"rendered":"<div id=\"fb-root\"><\/div>\n<div id=\"attachment_123629\" style=\"width: 160px\" class=\"wp-caption aligncenter\"><img loading=\"lazy\" decoding=\"async\" aria-describedby=\"caption-attachment-123629\" class=\"size-thumbnail wp-image-123629\" src=\"http:\/\/www.radioluna.it\/news\/wp-content\/uploads\/2012\/08\/lavoro-computer-150x150.jpg\" alt=\"Lavoro\" width=\"150\" height=\"150\" \/><p id=\"caption-attachment-123629\" class=\"wp-caption-text\">Lavoro<\/p><\/div>\n<p style=\"text-align: justify;\">LATINA &#8211; Il Comitato Imprenditoria Femminile della Camera di Commercio di Latina, ha organizzato, in collaborazione con il team dell\u2019agenzia WebAdditive, il workshop formativo \u201cFacebook Marketing\u201d, dedicato alle imprenditrici con un\u2019attivit\u00e0 aziendale avviata o in fase di start up che vogliano approfondire le potenzialit\u00e0 dell\u2019utilizzo del social network pi\u00f9 famoso del mondo.<\/p>\n<p style=\"text-align: justify;\"><strong>L\u2019appuntamento \u00e8 per luned\u00ec 14 luglio, dalle ore 9.30 alle ore 12.00, presso la sala conferenze della Camera di Commercio di Latina di Via Carlo Alberto, 22.\u00a0<\/strong><\/p>\n<p style=\"text-align: justify;\">Il seminario, gratuito, che avr\u00e0 una durata di circa due ore, fornir\u00e0 le basi per imparare a costruire una pagina Facebook dove iniziare a gestire la propria azienda per promuovere il proprio business.<\/p>\n<p style=\"text-align: justify;\">\u201cLa lunga esperienza nel campo dei seminari e dei corsi di formazione dedicati al Web Marketing\u201d \u2013 hanno sottilineato Veronica Tecchio e Clara Raimondi di Webadditive \u2013 \u201cha dimostrato nel corso del tempo che sono proprio le donne (in una percentuale che si aggira intorno al 70-80%) che hanno avviato la propria attivit\u00e0 o stanno per farlo, i soggetti pi\u00f9 interessati a promuovere la propria attivit\u00e0 su Facebook e che sono sempre loro che hanno bisogno, pi\u00f9 di altri, di strumenti per promuovere la loro impresa\u201d.<br \/>\n\u201cFacebook\u201d &#8211; ha commentato la Presidente del Comitato Imprenditoria Femminile Laura Brida &#8211; \u00e8 la maniera pi\u00f9 economica ed immediata non solo per promuovere la propria attivit\u00e0 ma anche per arrivare direttamente al cliente. La conoscenza di questi nuovi canali di comunicazione pu\u00f2 aiutare le donne a compiere i primi passi per rendere visibile la propria impresa sul web. Ecco com\u2019\u00e8 nata l\u2019idea di un seminario su questo tema\u201d.<br \/>\nLe imprese interessate possono chiedere informazioni e confermare la propria iscrizione alla dr.ssa Eleonora Verzin, Area Promozione e Segreteria del Comitato Imprenditoria Femminile Camera di Commercio di Latina (tel 0773\/672258 &#8211; fax 0773\/474087 \u2013 mail: eleonora.verzin@lt.camcom.it).<\/p>\n<p>&nbsp;<\/p>\n","protected":false},"excerpt":{"rendered":"<p>LATINA &#8211; Il Comitato Imprenditoria Femminile della Camera di Commercio di Latina, ha organizzato, in collaborazione con il team dell\u2019agenzia WebAdditive, il workshop formativo \u201cFacebook Marketing\u201d, dedicato alle imprenditrici con un\u2019attivit\u00e0 aziendale avviata o in fase di start up che vogliano approfondire le potenzialit\u00e0 dell\u2019utilizzo del social network pi\u00f9 famoso del mondo. L\u2019appuntamento \u00e8 per [&hellip;]<\/p>\n","protected":false},"author":60,"featured_media":0,"comment_status":"open","ping_status":"closed","sticky":false,"template":"","format":"standard","meta":{"footnotes":""},"categories":[7,11],"tags":[],"class_list":["post-152552","post","type-post","status-publish","format-standard","hentry","category-cronaca","category-economia"],"_links":{"self":[{"href":"https:\/\/www.radioluna.it\/news\/wp-json\/wp\/v2\/posts\/152552","targetHints":{"allow":["GET"]}}],"collection":[{"href":"https:\/\/www.radioluna.it\/news\/wp-json\/wp\/v2\/posts"}],"about":[{"href":"https:\/\/www.radioluna.it\/news\/wp-json\/wp\/v2\/types\/post"}],"author":[{"embeddable":true,"href":"https:\/\/www.radioluna.it\/news\/wp-json\/wp\/v2\/users\/60"}],"replies":[{"embeddable":true,"href":"https:\/\/www.radioluna.it\/news\/wp-json\/wp\/v2\/comments?post=152552"}],"version-history":[{"count":0,"href":"https:\/\/www.radioluna.it\/news\/wp-json\/wp\/v2\/posts\/152552\/revisions"}],"wp:attachment":[{"href":"https:\/\/www.radioluna.it\/news\/wp-json\/wp\/v2\/media?parent=152552"}],"wp:term":[{"taxonomy":"category","embeddable":true,"href":"https:\/\/www.radioluna.it\/news\/wp-json\/wp\/v2\/categories?post=152552"},{"taxonomy":"post_tag","embeddable":true,"href":"https:\/\/www.radioluna.it\/news\/wp-json\/wp\/v2\/tags?post=152552"}],"curies":[{"name":"wp","href":"https:\/\/api.w.org\/{rel}","templated":true}]}}