{"id":152553,"date":"2014-07-10T18:27:18","date_gmt":"2014-07-10T16:27:18","guid":{"rendered":"http:\/\/www.radioluna.it\/news\/?p=152553"},"modified":"2014-07-10T18:28:18","modified_gmt":"2014-07-10T16:28:18","slug":"donne-contro-la-violenza-il-centro-lilith-manifesta-a-roma","status":"publish","type":"post","link":"https:\/\/www.radioluna.it\/news\/2014\/07\/donne-contro-la-violenza-il-centro-lilith-manifesta-a-roma\/","title":{"rendered":"Donne contro la violenza, il Centro Lilith manifesta a Roma"},"content":{"rendered":"<div id=\"fb-root\"><\/div>\n<p style=\"text-align: justify;\"><img loading=\"lazy\" decoding=\"async\" class=\"aligncenter size-full wp-image-152554\" src=\"http:\/\/www.radioluna.it\/news\/wp-content\/uploads\/2014\/07\/lilith.jpg\" alt=\"lilith\" width=\"200\" height=\"200\" srcset=\"https:\/\/www.radioluna.it\/news\/wp-content\/uploads\/2014\/07\/lilith.jpg 200w, https:\/\/www.radioluna.it\/news\/wp-content\/uploads\/2014\/07\/lilith-150x150.jpg 150w, https:\/\/www.radioluna.it\/news\/wp-content\/uploads\/2014\/07\/lilith-80x80.jpg 80w, https:\/\/www.radioluna.it\/news\/wp-content\/uploads\/2014\/07\/lilith-50x50.jpg 50w\" sizes=\"auto, (max-width: 200px) 100vw, 200px\" \/>LATINA &#8211; Hanno manifestato oggi \u00a0davanti alla sede della Conferenza Stato-Regioni di Roma, per\u00a0denunciare il rischio di penalizzare il lavoro ventennale delle associazioni che da anni operano per prevenire e contrastare la violenza maschile sulle donne. Una rappresentanza del Centro Donna Lilith di Latina ha preso parte alla protesta\u00a0promossa dall&#8217;associazione D.I.Re (Donne in Rete contro la violenza).<\/p>\n<p style=\"text-align: justify;\">Alla base della protesta \u00a0lo stanziamento di 17 milioni di euro previsto dalla legge 119\/2013 (la cosiddetta &#8220;legge contro il femminicidio&#8221;) per il biennio 2013-2014, che tra circa un mese diventer\u00e0 effettivo. &#8220;I fondi &#8211; spiegano in una nota i rappresentanti del Centro Lilith &#8211; \u00a0sono destinati alla prevenzione e alla lotta contro la violenza sulle donne.<br \/>\nMa a chi andranno le risorse stanziate e come ne beneficer\u00e0 la lotta alla violenza sulle donne?<br \/>\nIl 67% del finanziamento sar\u00e0 gestito dalle Regioni e solo il 33% andr\u00e0 ai centri antiviolenza e case rifugio che riceveranno circa seimila euro ciascuno per il biennio. Una cifra irrisoria e del tutto insufficiente a coprire le necessit\u00e0 effettive dei centri, a incrementarne la possibilit\u00e0 di intervento o incentivarne la progettualit\u00e0.<br \/>\nL&#8217;esiguit\u00e0 degli stanziamenti non \u00e8 l&#8217;unico problema. Desta indignazione l\u2019assenza di un criterio coerente e ponderato di ripartizione dei fondi e il mancato riconoscimento del lavoro dei centri antiviolenza. La maggior parte dei fondi andrebbe, infatti, alle Regioni, che avrebbero il compito di finanziare generici progetti &#8220;contro la violenza&#8221;. Il rischio \u00e8 quello di disperdere risorse e distribuire i fondi a soggetti poco competenti, anzich\u00e9 destinarli a quelle associazioni che lavorano da tempo e efficacemente sui territori.\u00a0Il lavoro di contrasto e prevenzione della violenza maschile contro le donne non si improvvisa: si basa su competenze specifiche, strategie e metodologie di intervento condivise e frutto di anni di esperienza, ricerca e confronto. Un approccio focalizzato sulla donna e sul suo diritto alla autodeterminazione&#8221;.<br \/>\nLa lunga storia dei centri antiviolenza in Italia \u00e8 un cammino politico e teorico, un incessante lavoro di apprendimento, un prezioso laboratorio di elaborazione e raccolta di saperi e pratiche a sostegno delle donne che subiscono violenza. Una superficiale ripartizione di fondi, gi\u00e0 insufficienti, rischia di penalizzare il lavoro ormai ventennale delle associazioni, danneggiando cos\u00ec il lavoro delle donne contro la violenza e le donne stesse.<\/p>\n<div class=\"radio-posizionamento-telefono-in-articoli-dopo-il-contenuto-articolo radio-entity-placement\" id=\"radio-90802102\"><div id=\"radio-2746109519\"><a href=\"https:\/\/www.simeoneceramiche.com\/\" aria-label=\"SIMEONE CERAMICHE GIF animata per radioluna_Tavola disegno 1 copia 2 (online-video-cutter.com)\"><img loading=\"lazy\" decoding=\"async\" src=\"https:\/\/www.radioluna.it\/news\/wp-content\/uploads\/2025\/05\/SIMEONE-CERAMICHE-GIF-animata-per-radioluna_Tavola-disegno-1-copia-2-online-video-cutter.com_.gif\" alt=\"\"  width=\"300\" height=\"250\"   \/><\/a><\/div><\/div>","protected":false},"excerpt":{"rendered":"<p>LATINA &#8211; Hanno manifestato oggi \u00a0davanti alla sede della Conferenza Stato-Regioni di Roma, per\u00a0denunciare il rischio di penalizzare il lavoro ventennale delle associazioni che da anni operano per prevenire e contrastare la violenza maschile sulle donne. Una rappresentanza del Centro Donna Lilith di Latina ha preso parte alla protesta\u00a0promossa dall&#8217;associazione D.I.Re (Donne in Rete contro [&hellip;]<\/p>\n","protected":false},"author":60,"featured_media":152554,"comment_status":"open","ping_status":"closed","sticky":false,"template":"","format":"standard","meta":{"footnotes":""},"categories":[7],"tags":[],"class_list":["post-152553","post","type-post","status-publish","format-standard","has-post-thumbnail","hentry","category-cronaca"],"_links":{"self":[{"href":"https:\/\/www.radioluna.it\/news\/wp-json\/wp\/v2\/posts\/152553","targetHints":{"allow":["GET"]}}],"collection":[{"href":"https:\/\/www.radioluna.it\/news\/wp-json\/wp\/v2\/posts"}],"about":[{"href":"https:\/\/www.radioluna.it\/news\/wp-json\/wp\/v2\/types\/post"}],"author":[{"embeddable":true,"href":"https:\/\/www.radioluna.it\/news\/wp-json\/wp\/v2\/users\/60"}],"replies":[{"embeddable":true,"href":"https:\/\/www.radioluna.it\/news\/wp-json\/wp\/v2\/comments?post=152553"}],"version-history":[{"count":0,"href":"https:\/\/www.radioluna.it\/news\/wp-json\/wp\/v2\/posts\/152553\/revisions"}],"wp:featuredmedia":[{"embeddable":true,"href":"https:\/\/www.radioluna.it\/news\/wp-json\/wp\/v2\/media\/152554"}],"wp:attachment":[{"href":"https:\/\/www.radioluna.it\/news\/wp-json\/wp\/v2\/media?parent=152553"}],"wp:term":[{"taxonomy":"category","embeddable":true,"href":"https:\/\/www.radioluna.it\/news\/wp-json\/wp\/v2\/categories?post=152553"},{"taxonomy":"post_tag","embeddable":true,"href":"https:\/\/www.radioluna.it\/news\/wp-json\/wp\/v2\/tags?post=152553"}],"curies":[{"name":"wp","href":"https:\/\/api.w.org\/{rel}","templated":true}]}}