{"id":152560,"date":"2014-07-10T19:17:07","date_gmt":"2014-07-10T17:17:07","guid":{"rendered":"http:\/\/www.radioluna.it\/news\/?p=152560"},"modified":"2014-07-10T19:17:07","modified_gmt":"2014-07-10T17:17:07","slug":"articolouno-la-rassegna-che-racconta-il-mondo-del-lavoro","status":"publish","type":"post","link":"https:\/\/www.radioluna.it\/news\/2014\/07\/articolouno-la-rassegna-che-racconta-il-mondo-del-lavoro\/","title":{"rendered":"ArticoloUno, la rassegna che racconta il mondo del lavoro"},"content":{"rendered":"<div id=\"fb-root\"><\/div>\n<p style=\"text-align: justify;\"><img loading=\"lazy\" decoding=\"async\" class=\"aligncenter size-full wp-image-152561\" src=\"http:\/\/www.radioluna.it\/news\/wp-content\/uploads\/2014\/07\/ARTICOLOUNO+.jpg\" alt=\"ARTICOLOUNO+\" width=\"530\" height=\"530\" srcset=\"https:\/\/www.radioluna.it\/news\/wp-content\/uploads\/2014\/07\/ARTICOLOUNO+.jpg 530w, https:\/\/www.radioluna.it\/news\/wp-content\/uploads\/2014\/07\/ARTICOLOUNO+-150x150.jpg 150w, https:\/\/www.radioluna.it\/news\/wp-content\/uploads\/2014\/07\/ARTICOLOUNO+-300x300.jpg 300w, https:\/\/www.radioluna.it\/news\/wp-content\/uploads\/2014\/07\/ARTICOLOUNO+-500x500.jpg 500w, https:\/\/www.radioluna.it\/news\/wp-content\/uploads\/2014\/07\/ARTICOLOUNO+-80x80.jpg 80w, https:\/\/www.radioluna.it\/news\/wp-content\/uploads\/2014\/07\/ARTICOLOUNO+-50x50.jpg 50w\" sizes=\"auto, (max-width: 530px) 100vw, 530px\" \/>CORI &#8211; Nasce a Cori la prima edizione di Articolouno, la rassegna culturale che attraverso i linguaggi dell\u2019arte racconta il mondo del lavoro in Italia. Il cinema, la musica, il teatro e la letteratura testimoniano riportano una visione del lavoro aderente alla realt\u00e0 restituendola nell\u2019elaborazione artistica di chi ha documentato, raccontato, fotografato e filmato il mondo del lavoro negli ultimi anni.<br \/>\nLa rassegna, promossa dal Comune di Cori, organizzata dall\u2019associazione culturale Turb\u00ecne e dalla cooperativa Teameia, \u00e8 costruita su un ciclo di incontri che occuper\u00e0 il tempo di una settimana, proponendo al pubblico una mostra fotografica, dibattiti, proiezioni di documentari, presentazioni di libri e reading teatrali, secondo cinque diverse sezioni tematiche: fermoimmagine, visioni, palcoscenico, pagine e parole.<\/p>\n<p style=\"text-align: justify;\"><strong>Fermoimmagine<\/strong> sar\u00e0 dedicato alla mostra fotografica \u201c550 giorni tra crisi e speranza\u201d, inaugurata domenica 13 luglio alle 19. La mostra \u00e8 costituita da circa 20 foto, in parte provenienti dall\u2019archivio fotografico dei quotidiani della provincia di Latina, firmate da Enrico De Divitiis e Nando Ginnetti, che hanno raccontato, tra il 2010 e il 2012, la cronaca della crisi sul territorio tra chiusura delle fabbrica, proteste e occupazioni. In parte provenienti dal lavoro artistico di due fotografe, Jamila Campagna e Sara Palliccia, che hanno invece realizzato due reportage sull\u2019occupazione della Tacconi sud, durata appunto 550 giorni.<\/p>\n<p style=\"text-align: justify;\">Visioni \u00e8 invece la sezione che ospita la proiezione di tre film documentari:<br \/>\n<strong>Atlantis<\/strong> di Massimo Ferrari, prodotto da Maga Production, documenta la lunga occupazione della Tacconi Sud raccontando una storia di resistenza e di diritti scritta da 30 operaie che hanno accompagnato la fabbrica di Latina verso il fallimento e poi verso una riconversione che ha salvato il lavoro di tutte. In programma luned\u00ec 14 luglio alle 21,30.<br \/>\n<strong>Work in progress<\/strong> di Simona Risi, racconta due storie parallele di crisi del lavoro ritratte nella fase finale del presidio: quella di un gruppo di operai del cantiere navale che occupa la petroliera Marettimo per sei mesi e quella di un gruppo di operaie che, a Latina, per lo stesso motivo, si rinchiude in fabbrica per un anno. In programma mercoled\u00ec 16 luglio alle 21,30.<br \/>\n<strong>Happy Goodyear<\/strong> di Elena Ganelli e Laura Pesino, prodotto da Soulcrime, svela i retroscena della multinazionale Goodyear, che dopo la chiusura dello stabilimento di Cisterna lascia sul campo centinaia di morti di tumore. In programma venerd\u00ec 18 luglio ore 21,30.<\/p>\n<p style=\"text-align: justify;\">Palcoscenico ospiter\u00e0 invece, marted\u00ec 15 luglio alle 21,30, la compagnia Le voci del tempo, con lo spettacolo Direction Home, viaggio nell\u2019Italia di Adriano Olivetti. Il racconto di Olivetti attraverso il repertorio musicale visionario di Bob Dylan.<\/p>\n<p style=\"text-align: justify;\">Pagine \u00e8 poi lo spazio che il lavoro ha trovato tra le pagine dei libri, nella forma del racconto, della cronaca o dell\u2019elaborazione filosofica. \u00e8 il senso profondo del lavoro umano, quali le forme e i modi per rendere la fabbrica un bene di tutta la comunit\u00e0, come trasformare il mondo produttivo e l\u2019economia in strumenti di solidariet\u00e0 per realizzare un\u2019autentica giustizia sociale? Questi gli interrogativi a cui risponde Adriano Olivetti nei due discorsi contenuti nel volume Le fabbriche di bene. Marted\u00ec 15 luglio alle 18ne discutono Beniamino de\u2019 Liguori Carino, editore di Edizioni di Comunit\u00e0 e l\u2019imprenditrice Margherita Dogliani. Modera il giornalista Giorgio Zanchini.<\/p>\n<p style=\"text-align: justify;\">Parole \u00e8 infine la sezione che chiuder\u00e0 la rassegna sabato 19 luglio alle 21, a cura del collettivo Cardiopoetica che presenta: \u201cFine turno Italia&#8221;: reading di resistenza e occupazione mentale\u201d. Gli scrittori Fabio Appetito, Mariano Macale e Marco de Cave, accompagnati dal musicista e cantante Alessandro Cardilli, propongono uno spettacolo sulla crisi del lavoro che \u00e8 soprattutto crisi di coscienza e di cultura. Una sintesi poetico-musicale del narrato di ARTICOLOUNO.<\/p>\n<div class=\"radio-posizionamento-telefono-in-articoli-dopo-il-contenuto-articolo radio-entity-placement\" id=\"radio-921391974\"><div id=\"radio-3041757462\"><a href=\"https:\/\/grupporedi.it\/\" aria-label=\"Redi-Qr\"><img loading=\"lazy\" decoding=\"async\" src=\"https:\/\/www.radioluna.it\/news\/wp-content\/uploads\/2026\/03\/Redi-Qr.jpg\" alt=\"\"  srcset=\"https:\/\/www.radioluna.it\/news\/wp-content\/uploads\/2026\/03\/Redi-Qr.jpg 800w, https:\/\/www.radioluna.it\/news\/wp-content\/uploads\/2026\/03\/Redi-Qr-768x639.jpg 768w\" sizes=\"(max-width: 800px) 100vw, 800px\" width=\"300\" height=\"250\"   \/><\/a><\/div><\/div>","protected":false},"excerpt":{"rendered":"<p>CORI &#8211; Nasce a Cori la prima edizione di Articolouno, la rassegna culturale che attraverso i linguaggi dell\u2019arte racconta il mondo del lavoro in Italia. Il cinema, la musica, il teatro e la letteratura testimoniano riportano una visione del lavoro aderente alla realt\u00e0 restituendola nell\u2019elaborazione artistica di chi ha documentato, raccontato, fotografato e filmato il [&hellip;]<\/p>\n","protected":false},"author":60,"featured_media":152561,"comment_status":"open","ping_status":"closed","sticky":false,"template":"","format":"standard","meta":{"footnotes":""},"categories":[16,15,11],"tags":[],"class_list":["post-152560","post","type-post","status-publish","format-standard","has-post-thumbnail","hentry","category-appuntamenti","category-cultura","category-economia"],"_links":{"self":[{"href":"https:\/\/www.radioluna.it\/news\/wp-json\/wp\/v2\/posts\/152560","targetHints":{"allow":["GET"]}}],"collection":[{"href":"https:\/\/www.radioluna.it\/news\/wp-json\/wp\/v2\/posts"}],"about":[{"href":"https:\/\/www.radioluna.it\/news\/wp-json\/wp\/v2\/types\/post"}],"author":[{"embeddable":true,"href":"https:\/\/www.radioluna.it\/news\/wp-json\/wp\/v2\/users\/60"}],"replies":[{"embeddable":true,"href":"https:\/\/www.radioluna.it\/news\/wp-json\/wp\/v2\/comments?post=152560"}],"version-history":[{"count":0,"href":"https:\/\/www.radioluna.it\/news\/wp-json\/wp\/v2\/posts\/152560\/revisions"}],"wp:featuredmedia":[{"embeddable":true,"href":"https:\/\/www.radioluna.it\/news\/wp-json\/wp\/v2\/media\/152561"}],"wp:attachment":[{"href":"https:\/\/www.radioluna.it\/news\/wp-json\/wp\/v2\/media?parent=152560"}],"wp:term":[{"taxonomy":"category","embeddable":true,"href":"https:\/\/www.radioluna.it\/news\/wp-json\/wp\/v2\/categories?post=152560"},{"taxonomy":"post_tag","embeddable":true,"href":"https:\/\/www.radioluna.it\/news\/wp-json\/wp\/v2\/tags?post=152560"}],"curies":[{"name":"wp","href":"https:\/\/api.w.org\/{rel}","templated":true}]}}