{"id":152569,"date":"2014-07-10T20:40:42","date_gmt":"2014-07-10T18:40:42","guid":{"rendered":"http:\/\/www.radioluna.it\/news\/?p=152569"},"modified":"2014-07-10T20:46:18","modified_gmt":"2014-07-10T18:46:18","slug":"calcio-il-difensore-almici-ad-un-passo","status":"publish","type":"post","link":"https:\/\/www.radioluna.it\/news\/2014\/07\/calcio-il-difensore-almici-ad-un-passo\/","title":{"rendered":"Calcio, il difensore Almici ad un passo"},"content":{"rendered":"<div id=\"fb-root\"><\/div>\n<p style=\"text-align: justify;\"><img loading=\"lazy\" decoding=\"async\" class=\"alignleft size-thumbnail wp-image-150877\" src=\"http:\/\/www.radioluna.it\/news\/wp-content\/uploads\/2014\/05\/PICT0556-635x476.jpg\" alt=\"calcio\" width=\"635\" height=\"476\" srcset=\"https:\/\/www.radioluna.it\/news\/wp-content\/uploads\/2014\/05\/PICT0556-635x476.jpg 635w, https:\/\/www.radioluna.it\/news\/wp-content\/uploads\/2014\/05\/PICT0556-768x576.jpg 768w, https:\/\/www.radioluna.it\/news\/wp-content\/uploads\/2014\/05\/PICT0556-500x375.jpg 500w, https:\/\/www.radioluna.it\/news\/wp-content\/uploads\/2014\/05\/PICT0556-300x225.jpg 300w, https:\/\/www.radioluna.it\/news\/wp-content\/uploads\/2014\/05\/PICT0556-1024x768.jpg 1024w, https:\/\/www.radioluna.it\/news\/wp-content\/uploads\/2014\/05\/PICT0556-800x600.jpg 800w, https:\/\/www.radioluna.it\/news\/wp-content\/uploads\/2014\/05\/PICT0556.jpg 1000w\" sizes=\"auto, (max-width: 635px) 100vw, 635px\" \/><\/p>\n<p style=\"text-align: justify;\"><strong>LATINA-<\/strong> Salgono le quotazioni di Alberto Almici, 21 anni, sar\u00e0 lui, salvo complicazioni, il secondo arrivo per Mario Beretta, nuovo allenatore del Latina. Nella scorsa stagione prima al Cesena e poi al Padova, di propriet\u00e0 dell&#8217;Atalanta, Almici che proviene dal settore giovanile dell&#8217;Atalanta \u00e8 un difensore alto 183 centimetri e dalla buona visione di gioco. Era corteggiato anche da Livorno e Spezia. Il Latina si \u00e8 inserito, come riporta la Gazzetta dello Sport, nella corsa per l&#8217;attaccante <span style=\"color: #222222;\">Doudou Mangni dell&#8217;Atalanta nella scorsa stagione al Modena in prestito. L&#8217;incontro si \u00e8 svolto a Milano.<\/span>\u00a0 \u00a0Intanto la Lega di serie B ha ufficializzato le date del campionato. Il via il 30 agosto, con l&#8217;anticipo al 29, l&#8217;ultima giornata invece si giocher\u00e0 di venerd\u00ec e sar\u00e0 il 22 maggio. Sono cinque i turni infrasettimanali: il 23 settembre, il 28 ottobre, (in entrambi i casi marted\u00ec), la vigilia di Natale, il 3 marzo e infine marted\u00ec 28 aprile.<\/p>\n<p style=\"text-align: justify;\"><span style=\"color: #222222;\">\u00a0<\/span><\/p>\n","protected":false},"excerpt":{"rendered":"<p>LATINA- Salgono le quotazioni di Alberto Almici, 21 anni, sar\u00e0 lui, salvo complicazioni, il secondo arrivo per Mario Beretta, nuovo allenatore del Latina. Nella scorsa stagione prima al Cesena e poi al Padova, di propriet\u00e0 dell&#8217;Atalanta, Almici che proviene dal settore giovanile dell&#8217;Atalanta \u00e8 un difensore alto 183 centimetri e dalla buona visione di gioco. [&hellip;]<\/p>\n","protected":false},"author":60,"featured_media":150877,"comment_status":"open","ping_status":"closed","sticky":false,"template":"","format":"standard","meta":{"footnotes":""},"categories":[17],"tags":[],"class_list":["post-152569","post","type-post","status-publish","format-standard","has-post-thumbnail","hentry","category-sport"],"_links":{"self":[{"href":"https:\/\/www.radioluna.it\/news\/wp-json\/wp\/v2\/posts\/152569","targetHints":{"allow":["GET"]}}],"collection":[{"href":"https:\/\/www.radioluna.it\/news\/wp-json\/wp\/v2\/posts"}],"about":[{"href":"https:\/\/www.radioluna.it\/news\/wp-json\/wp\/v2\/types\/post"}],"author":[{"embeddable":true,"href":"https:\/\/www.radioluna.it\/news\/wp-json\/wp\/v2\/users\/60"}],"replies":[{"embeddable":true,"href":"https:\/\/www.radioluna.it\/news\/wp-json\/wp\/v2\/comments?post=152569"}],"version-history":[{"count":0,"href":"https:\/\/www.radioluna.it\/news\/wp-json\/wp\/v2\/posts\/152569\/revisions"}],"wp:featuredmedia":[{"embeddable":true,"href":"https:\/\/www.radioluna.it\/news\/wp-json\/wp\/v2\/media\/150877"}],"wp:attachment":[{"href":"https:\/\/www.radioluna.it\/news\/wp-json\/wp\/v2\/media?parent=152569"}],"wp:term":[{"taxonomy":"category","embeddable":true,"href":"https:\/\/www.radioluna.it\/news\/wp-json\/wp\/v2\/categories?post=152569"},{"taxonomy":"post_tag","embeddable":true,"href":"https:\/\/www.radioluna.it\/news\/wp-json\/wp\/v2\/tags?post=152569"}],"curies":[{"name":"wp","href":"https:\/\/api.w.org\/{rel}","templated":true}]}}