{"id":152612,"date":"2014-07-11T19:32:12","date_gmt":"2014-07-11T17:32:12","guid":{"rendered":"http:\/\/www.radioluna.it\/news\/?p=152612"},"modified":"2014-07-11T19:32:12","modified_gmt":"2014-07-11T17:32:12","slug":"maietta-necessario-lampliamento-dello-stadio","status":"publish","type":"post","link":"https:\/\/www.radioluna.it\/news\/2014\/07\/maietta-necessario-lampliamento-dello-stadio\/","title":{"rendered":"Maietta: necessario l&#8217;ampliamento dello stadio"},"content":{"rendered":"<div id=\"fb-root\"><\/div>\n<div id=\"attachment_121787\" style=\"width: 160px\" class=\"wp-caption aligncenter\"><img loading=\"lazy\" decoding=\"async\" aria-describedby=\"caption-attachment-121787\" class=\"size-thumbnail wp-image-121787\" src=\"http:\/\/www.radioluna.it\/news\/wp-content\/uploads\/2012\/06\/PasqualeMaietta1-150x150.jpg\" alt=\"Pasquale Maietta\" width=\"150\" height=\"150\" \/><p id=\"caption-attachment-121787\" class=\"wp-caption-text\">Pasquale Maietta<\/p><\/div>\n<p style=\"text-align: justify;\">LATINA &#8211; \u201cNoi siamo una societ\u00e0 ambiziosa \u2013 ha dichiarato Pasquale Maietta in merito alla campagna \u00a0abbonamenti 2014-2015 \u00a0\u2013 e ambiziosi sono anche i nostri tifosi. Nel nuovo campionato di serie B dovremo confrontarci con realt\u00e0 importanti, economicamente forti e in grado di investire tanto. Io e Paola Cavicchi da soli non siamo in grado di sopportare economicamente le innumerevoli spese di gestione di una squadra che vuole primeggiare e raggiungere l\u2019obiettivo comune a tutti: la serie A. Per questo abbiamo bisogno di introitare attraverso lo stadio, che risulta essere la principale fonte di entrata in grado di permetterci il perseguimento dell\u2019obiettivo. I 6mila posti attualmente disponibili non ci consentono di mantenere le agevolazioni sinora adottate per determinate categorie di persone; n\u00e9 purtroppo di garantire il biglietto di ingresso, come gi\u00e0 verificatosi in eventi di maggior importanza, a tutti i tifosi. Il nostro intento e la promessa a tutta la citt\u00e0 e alla tifoseria \u00e8 di impegnarci fino in fondo affinch\u00e9 il Comune valuti la possibilit\u00e0 dell\u2019ampliamento della struttura sportiva che potrebbe, a quel punto, garantire la soluzione dei disagi in questione. Ristrutturando il Francioni come necessario, allora saremo ben lieti di andare incontro a tutti i nostri tifosi. L&#8217;ampliamento \u00e8 indispensabile. La nostra societ\u00e0 ha bisogno dell\u2019aiuto di tutti voi\u201d.<\/p>\n<div class=\"radio-posizionamento-telefono-in-articoli-dopo-il-contenuto-articolo radio-entity-placement\" id=\"radio-4022027771\"><div id=\"radio-414791559\"><a href=\"https:\/\/grupporedi.it\/\" aria-label=\"Redi-Qr\"><img loading=\"lazy\" decoding=\"async\" src=\"https:\/\/www.radioluna.it\/news\/wp-content\/uploads\/2026\/03\/Redi-Qr.jpg\" alt=\"\"  srcset=\"https:\/\/www.radioluna.it\/news\/wp-content\/uploads\/2026\/03\/Redi-Qr.jpg 800w, https:\/\/www.radioluna.it\/news\/wp-content\/uploads\/2026\/03\/Redi-Qr-768x639.jpg 768w\" sizes=\"(max-width: 800px) 100vw, 800px\" width=\"300\" height=\"250\"   \/><\/a><\/div><\/div>","protected":false},"excerpt":{"rendered":"<p>LATINA &#8211; \u201cNoi siamo una societ\u00e0 ambiziosa \u2013 ha dichiarato Pasquale Maietta in merito alla campagna \u00a0abbonamenti 2014-2015 \u00a0\u2013 e ambiziosi sono anche i nostri tifosi. Nel nuovo campionato di serie B dovremo confrontarci con realt\u00e0 importanti, economicamente forti e in grado di investire tanto. Io e Paola Cavicchi da soli non siamo in grado [&hellip;]<\/p>\n","protected":false},"author":60,"featured_media":0,"comment_status":"open","ping_status":"closed","sticky":false,"template":"","format":"standard","meta":{"footnotes":""},"categories":[7],"tags":[],"class_list":["post-152612","post","type-post","status-publish","format-standard","hentry","category-cronaca"],"_links":{"self":[{"href":"https:\/\/www.radioluna.it\/news\/wp-json\/wp\/v2\/posts\/152612","targetHints":{"allow":["GET"]}}],"collection":[{"href":"https:\/\/www.radioluna.it\/news\/wp-json\/wp\/v2\/posts"}],"about":[{"href":"https:\/\/www.radioluna.it\/news\/wp-json\/wp\/v2\/types\/post"}],"author":[{"embeddable":true,"href":"https:\/\/www.radioluna.it\/news\/wp-json\/wp\/v2\/users\/60"}],"replies":[{"embeddable":true,"href":"https:\/\/www.radioluna.it\/news\/wp-json\/wp\/v2\/comments?post=152612"}],"version-history":[{"count":0,"href":"https:\/\/www.radioluna.it\/news\/wp-json\/wp\/v2\/posts\/152612\/revisions"}],"wp:attachment":[{"href":"https:\/\/www.radioluna.it\/news\/wp-json\/wp\/v2\/media?parent=152612"}],"wp:term":[{"taxonomy":"category","embeddable":true,"href":"https:\/\/www.radioluna.it\/news\/wp-json\/wp\/v2\/categories?post=152612"},{"taxonomy":"post_tag","embeddable":true,"href":"https:\/\/www.radioluna.it\/news\/wp-json\/wp\/v2\/tags?post=152612"}],"curies":[{"name":"wp","href":"https:\/\/api.w.org\/{rel}","templated":true}]}}