{"id":152720,"date":"2014-07-14T19:00:27","date_gmt":"2014-07-14T17:00:27","guid":{"rendered":"http:\/\/www.radioluna.it\/news\/?p=152720"},"modified":"2014-07-14T19:00:27","modified_gmt":"2014-07-14T17:00:27","slug":"fondi-sport-village-accesa-la-fiamma-olimpica","status":"publish","type":"post","link":"https:\/\/www.radioluna.it\/news\/2014\/07\/fondi-sport-village-accesa-la-fiamma-olimpica\/","title":{"rendered":"Fondi Sport Village, accesa la fiamma olimpica"},"content":{"rendered":"<div id=\"fb-root\"><\/div>\n<p style=\"text-align: justify;\"><img loading=\"lazy\" decoding=\"async\" class=\"aligncenter size-thumbnail wp-image-152721\" src=\"http:\/\/www.radioluna.it\/news\/wp-content\/uploads\/2014\/07\/fondi-sport-635x422.jpg\" alt=\"fondi sport\" width=\"635\" height=\"422\" srcset=\"https:\/\/www.radioluna.it\/news\/wp-content\/uploads\/2014\/07\/fondi-sport-635x422.jpg 635w, https:\/\/www.radioluna.it\/news\/wp-content\/uploads\/2014\/07\/fondi-sport-300x200.jpg 300w, https:\/\/www.radioluna.it\/news\/wp-content\/uploads\/2014\/07\/fondi-sport-768x511.jpg 768w, https:\/\/www.radioluna.it\/news\/wp-content\/uploads\/2014\/07\/fondi-sport-500x333.jpg 500w, https:\/\/www.radioluna.it\/news\/wp-content\/uploads\/2014\/07\/fondi-sport-600x400.jpg 600w, https:\/\/www.radioluna.it\/news\/wp-content\/uploads\/2014\/07\/fondi-sport-800x532.jpg 800w, https:\/\/www.radioluna.it\/news\/wp-content\/uploads\/2014\/07\/fondi-sport.jpg 960w\" sizes=\"auto, (max-width: 635px) 100vw, 635px\" \/><\/p>\n<p style=\"text-align: justify;\">FONDI &#8211; \u00c8 stata accesa da Rossella Imputato, capitano della Pallavolo Fondi femminile, la fiamma olimpica di questa quarta edizione dei giochi del Fondi Sport Village. Ad un passo dall\u2019anfiteatro di piazza De Gasperi la torcia \u00e8 arrivata dalle mani dell\u2019altra pallavolista Federica Rosato, a celebrare un\u2019annata d\u2019oro per questo sport che nella categoria femminile ha vinto il campionato di serie C1. Risultato storico per la citt\u00e0 di Fondi, come storiche stanno diventando le edizioni del Fondi Sport Village per numero di visitatori e quantit\u00e0 e qualit\u00e0 di attivit\u00e0 messe in campo.<\/p>\n<p style=\"text-align: justify;\">Sabato 12 luglio il villaggio tanto atteso \u00e8 stato finalmente inaugurato alla presenza delle pi\u00f9 di 60 associazioni partecipanti in corteo dal Palazzetto dello Sport, del Sindaco della citt\u00e0 di Fondi, dott. Salvatore De Meo, della Presidente del Consiglio Comunale, prof.ssa Maria Luigia Marino, e dell\u2019Assessore alla Cultura e allo Sport, prof. Lucio Biasillo. Il nastro \u00e8 stato tagliato dal Presidente dell\u2019Asd Sport Events, geom. Fabrizio Macaro, che ha ringraziato \u00abil pubblico presente come vera forza di uno Sport Village quest\u2019anno raddoppiato nei giorni e negli eventi proposti. Stessa vicinanza offerta dalle istituzioni che hanno compreso come lo sport sia un fenomeno sociale di primaria importanza, ma soprattutto come possa portare in citt\u00e0 migliaia di visite da tutta la regione e oltre\u00bb.<br \/>\n\u00abSfidatevi nel rispetto delle regole \u2013 ha aggiunto il primo cittadino De Meo \u2013 cos\u00ec come luoghi da rispettare e preservare sono quelli coinvolti dal Fondi Sport Village. Sono contento che lo slogan ideato dalla Sport Events sia \u201cFondi citt\u00e0 da vivere ed amare\u201d perch\u00e8 lo sport pu\u00f2 essere ottimo veicolo per turismo ed economia locali\u00bb.<\/p>\n<p style=\"text-align: justify;\">Intanto la serata inaugurale ha visto sfidarsi le prime squadre in campo per il torneo di calcio a 5 senior \u201cMemorial Domenico Capodacqua e Giuseppe Cannella\u201d con una bella e calorosa cornice di pubblico. Da questa sera spazio anche al trofeo Sporting InterSport di beach tennis dalle ore 21 e contemporaneamente, in piazza IV novembre, si terr\u00e0 il \u201cNeWind Fest\u201d, kermesse musicale per band emergenti del territorio che si protrarr\u00e0 sino a domani, marted\u00ec 15 luglio, in collaborazione con l\u2019Associazione di Promozione Sociale \u201cMovimento Giovani con Futuro\u201d. Da mercoled\u00ec 16 luglio, invece, una tre giorni da vivere con la \u201cFesta della Pallamano\u201d al Palazzetto dello Sport di Fondi.<\/p>\n","protected":false},"excerpt":{"rendered":"<p>FONDI &#8211; \u00c8 stata accesa da Rossella Imputato, capitano della Pallavolo Fondi femminile, la fiamma olimpica di questa quarta edizione dei giochi del Fondi Sport Village. Ad un passo dall\u2019anfiteatro di piazza De Gasperi la torcia \u00e8 arrivata dalle mani dell\u2019altra pallavolista Federica Rosato, a celebrare un\u2019annata d\u2019oro per questo sport che nella categoria femminile [&hellip;]<\/p>\n","protected":false},"author":60,"featured_media":152721,"comment_status":"open","ping_status":"closed","sticky":false,"template":"","format":"standard","meta":{"footnotes":""},"categories":[16,15,17],"tags":[],"class_list":["post-152720","post","type-post","status-publish","format-standard","has-post-thumbnail","hentry","category-appuntamenti","category-cultura","category-sport"],"_links":{"self":[{"href":"https:\/\/www.radioluna.it\/news\/wp-json\/wp\/v2\/posts\/152720","targetHints":{"allow":["GET"]}}],"collection":[{"href":"https:\/\/www.radioluna.it\/news\/wp-json\/wp\/v2\/posts"}],"about":[{"href":"https:\/\/www.radioluna.it\/news\/wp-json\/wp\/v2\/types\/post"}],"author":[{"embeddable":true,"href":"https:\/\/www.radioluna.it\/news\/wp-json\/wp\/v2\/users\/60"}],"replies":[{"embeddable":true,"href":"https:\/\/www.radioluna.it\/news\/wp-json\/wp\/v2\/comments?post=152720"}],"version-history":[{"count":0,"href":"https:\/\/www.radioluna.it\/news\/wp-json\/wp\/v2\/posts\/152720\/revisions"}],"wp:featuredmedia":[{"embeddable":true,"href":"https:\/\/www.radioluna.it\/news\/wp-json\/wp\/v2\/media\/152721"}],"wp:attachment":[{"href":"https:\/\/www.radioluna.it\/news\/wp-json\/wp\/v2\/media?parent=152720"}],"wp:term":[{"taxonomy":"category","embeddable":true,"href":"https:\/\/www.radioluna.it\/news\/wp-json\/wp\/v2\/categories?post=152720"},{"taxonomy":"post_tag","embeddable":true,"href":"https:\/\/www.radioluna.it\/news\/wp-json\/wp\/v2\/tags?post=152720"}],"curies":[{"name":"wp","href":"https:\/\/api.w.org\/{rel}","templated":true}]}}