{"id":152724,"date":"2014-07-14T19:23:07","date_gmt":"2014-07-14T17:23:07","guid":{"rendered":"http:\/\/www.radioluna.it\/news\/?p=152724"},"modified":"2014-07-14T19:23:07","modified_gmt":"2014-07-14T17:23:07","slug":"conto-alla-rovescia-per-il-gala-latina-va-in-scena","status":"publish","type":"post","link":"https:\/\/www.radioluna.it\/news\/2014\/07\/conto-alla-rovescia-per-il-gala-latina-va-in-scena\/","title":{"rendered":"Conto alla rovescia per il gal\u00e0 &#8220;Latina va in scena&#8221;"},"content":{"rendered":"<div id=\"fb-root\"><\/div>\n<p style=\"text-align: justify;\"><img loading=\"lazy\" decoding=\"async\" class=\"aligncenter size-full wp-image-152725\" src=\"http:\/\/www.radioluna.it\/news\/wp-content\/uploads\/2014\/07\/Ilaria-Spada.jpg\" alt=\"Ilaria Spada\" width=\"402\" height=\"500\" srcset=\"https:\/\/www.radioluna.it\/news\/wp-content\/uploads\/2014\/07\/Ilaria-Spada.jpg 402w, https:\/\/www.radioluna.it\/news\/wp-content\/uploads\/2014\/07\/Ilaria-Spada-241x300.jpg 241w\" sizes=\"auto, (max-width: 402px) 100vw, 402px\" \/>LATINA &#8211; Pochi giorni ancora e finalmente si aprir\u00e0 il &#8216;sipario&#8217; di Villa Zani per dare vita a Latina va in scena \u2013 Il Gal\u00e0 di beneficenza, l&#8217;evento pi\u00f9 atteso dell&#8217;estate condotto da Ilaria Spada e Gabriele Br\u00f2cani, per raccogliere fondi in favore della ONLUS Alessia e i suoi Angeli per il reparto pediatrico dell&#8217;Ospedale S. M. Goretti del capoluogo pontino.<\/p>\n<p style=\"text-align: justify;\">\u201cL&#8217;attenzione che la nostra iniziativa sta ricevendo \u00e8 davvero incoraggiante \u2013 cos\u00ec l&#8217;Organizzazione di Latina va in scena \u2013 e dimostra che la nostra citt\u00e0 non \u00e8 affatto insensibile quando si tratta di contribuire a progetti seri e concreti. Ci preme ringraziare a tale proposito, il Comune di Latina nella persona del sindaco Giovanni Di Giorgi, che per primo ha creduto nella nostra idea, mostrando un sincero interesse con una grande disponibilit\u00e0 personale e istituzionale che ci ha molto aiutati soprattutto nell&#8217;ambito della sensibilizzazione con altri rappresentanti cittadini e con le autorit\u00e0. L&#8217;averci sostenuto con il Patrocinio dell&#8217;ente (oltre che con ulteriori forme di supporto relative ala organizzazione e alla gestione del palco) ci ha permesso fin dal primo interfaccia con i nostri stakeholders, di presentarci con una attendibilit\u00e0 significativa, restituendo all&#8217;intero progetto la dovuta credibilit\u00e0. \u201d<br \/>\nLatina va in scena \u2013 il Gal\u00e0 di beneficenza, sta inoltre suscitando molta curiosit\u00e0 anche negli ambienti romani, dai quali alcuni personaggi del mondo dello spettacolo e della televisione, hanno fatto sapere che prenderanno parte alla serata. Il tutto sar\u00e0 confermato nelle prossime ore, e tra le tante presenze importanti spiccano quelle dell&#8217;attrice Lina Bernardi, del portiere del Genoa reduce dai Mondiali del Brasile Mattia Perin, degli attori e compagni di vita e di set Serena Iansiti e Paolo Pierobon, Clemente Pernarella e Melania Maccaferri, del coreografo RAI Laccio, delle medaglie olimpiche del canottaggio Romano Battisti e Simone Venier, del conduttore radiofonico di RDS Renzo Di Falco, del ricercatore Ennio Tasciotti direttamente da Huston, del regista cinematografico Luigi Cecinelli e del documentarista Gianfranco Pannone, dell&#8217;autore e regista teatrale Giancarlo Loffarelli.<br \/>\n\u201cL&#8217;organizzazione \u2013 continuano \u2013 e l&#8217;Associazione stanno lavorando a pieno ritmo in questi ultimi giorni per perfezionare al meglio tutti gli aspetti del Gal\u00e0 che unisce alla solidariet\u00e0 la possibilit\u00e0 di trascorrere una serata magica, che regaler\u00e0 grandi emozioni in un contesto esclusivo e unico. Latina sta rispondendo con entusiasmo e slancio, sotto tutti i punti di vista. Abbiamo coinvolto senza fatica le eccellenze del territorio che con il cuore stanno contribuendo affinch\u00e9 ogni aspetto del Gal\u00e0 sia curato con la dovuta professionalit\u00e0, e voglio ringraziare tutti i Partner organizzativi: STIM TECHNOLOGY &amp; ENGINEERING, LOGGIA INDUSTRIA COLORI, OLSA INFORMATICA, LATINA CALCIO, CENTURY, LA LUNA NUOVA, che vestir\u00e0 Ilaria Spada per l&#8217;occasione; MERCEDES ITALIA, TRAVAGLIA ASSICURAZIONI. I Partner tecnici, irrinunciabili e preziosissimi: MIX IN TIME di Amilcare Milani, CANTINA S.ANDREA, la GIOIELLERIA TITTARELLI, che fornisce un gioiello come premio ai vincitori delle nomination, FRATELLI ALBANI, CAFFE&#8217; VERNIANO, il CATERING MERNCARELLI, FULVIO VIGNAPIANO, lo staff del MOCAFE&#8217; e RADIO LUNA, media partner ufficiale.<\/p>\n<p style=\"text-align: justify;\">La serata sar\u00e0 inoltre ripresa e trasmessa nei giorni seguenti dall&#8217;emittente capitolina Rete Sole, che ha colto lo spirito dell&#8217;iniziativa e ha dimostrato grande disponibilit\u00e0. \u201d<br \/>\nPochi giorni ancora dunque per contribuire all&#8217;ambizioso progetto di attrezzare anche il Pronto Soccorso pediatrico con un ingresso indipendente, capace di garantire un servizio ad hoc rivolto all&#8217;utenza pediatrica, neonatale e gestazionale, e garantirsi la partecipazione ad una serata imperdibile ed unica nel suo genere: nella splendida cornice di Villa Zani aperitivo a bordo piscina, cena di gala esclusiva, premiazione delle personalit\u00e0 che maggiormente si sono affermate nell&#8217;ultimo anno in diversi settore \u2013 dallo spettacolo allo sport, dalla ricerca alla cultura \u2013 e concerto di Roberto Casalino, autore dei pi\u00f9 grandi successi della musica pop nazionale degli ultimi anni. Per concludere la stupenda serata, DJ set a bordo piscina Angelo Giliberti.<br \/>\n\u201cSfide come questa \u2013 concludono \u2013 si possono vincere solo insieme, ricordando quanto sia importante il contributo di ognuno, con un impegno in prima persona ma anche come anello di una rete relazionale da coinvolgere e informare. Nessuno escluso. Ci piace pensare al mare, cos\u00ec grande grazie a tante piccole gocce che in lui si sono unite, trovando una ragione per non disperdersi: un obiettivo comune\u201d.<\/p>\n","protected":false},"excerpt":{"rendered":"<p>LATINA &#8211; Pochi giorni ancora e finalmente si aprir\u00e0 il &#8216;sipario&#8217; di Villa Zani per dare vita a Latina va in scena \u2013 Il Gal\u00e0 di beneficenza, l&#8217;evento pi\u00f9 atteso dell&#8217;estate condotto da Ilaria Spada e Gabriele Br\u00f2cani, per raccogliere fondi in favore della ONLUS Alessia e i suoi Angeli per il reparto pediatrico dell&#8217;Ospedale [&hellip;]<\/p>\n","protected":false},"author":60,"featured_media":152725,"comment_status":"open","ping_status":"closed","sticky":false,"template":"","format":"standard","meta":{"footnotes":""},"categories":[16,15],"tags":[],"class_list":["post-152724","post","type-post","status-publish","format-standard","has-post-thumbnail","hentry","category-appuntamenti","category-cultura"],"_links":{"self":[{"href":"https:\/\/www.radioluna.it\/news\/wp-json\/wp\/v2\/posts\/152724","targetHints":{"allow":["GET"]}}],"collection":[{"href":"https:\/\/www.radioluna.it\/news\/wp-json\/wp\/v2\/posts"}],"about":[{"href":"https:\/\/www.radioluna.it\/news\/wp-json\/wp\/v2\/types\/post"}],"author":[{"embeddable":true,"href":"https:\/\/www.radioluna.it\/news\/wp-json\/wp\/v2\/users\/60"}],"replies":[{"embeddable":true,"href":"https:\/\/www.radioluna.it\/news\/wp-json\/wp\/v2\/comments?post=152724"}],"version-history":[{"count":0,"href":"https:\/\/www.radioluna.it\/news\/wp-json\/wp\/v2\/posts\/152724\/revisions"}],"wp:featuredmedia":[{"embeddable":true,"href":"https:\/\/www.radioluna.it\/news\/wp-json\/wp\/v2\/media\/152725"}],"wp:attachment":[{"href":"https:\/\/www.radioluna.it\/news\/wp-json\/wp\/v2\/media?parent=152724"}],"wp:term":[{"taxonomy":"category","embeddable":true,"href":"https:\/\/www.radioluna.it\/news\/wp-json\/wp\/v2\/categories?post=152724"},{"taxonomy":"post_tag","embeddable":true,"href":"https:\/\/www.radioluna.it\/news\/wp-json\/wp\/v2\/tags?post=152724"}],"curies":[{"name":"wp","href":"https:\/\/api.w.org\/{rel}","templated":true}]}}