{"id":152727,"date":"2014-07-14T19:33:45","date_gmt":"2014-07-14T17:33:45","guid":{"rendered":"http:\/\/www.radioluna.it\/news\/?p=152727"},"modified":"2014-07-14T19:33:45","modified_gmt":"2014-07-14T17:33:45","slug":"torna-il-fondi-jazz-festival","status":"publish","type":"post","link":"https:\/\/www.radioluna.it\/news\/2014\/07\/torna-il-fondi-jazz-festival\/","title":{"rendered":"Torna il Fondi Jazz Festival"},"content":{"rendered":"<div id=\"fb-root\"><\/div>\n<p style=\"text-align: justify;\"><img loading=\"lazy\" decoding=\"async\" class=\"aligncenter size-thumbnail wp-image-134547\" src=\"http:\/\/www.radioluna.it\/news\/wp-content\/uploads\/2013\/04\/jazz-150x150.jpg\" alt=\"jazz\" width=\"150\" height=\"150\" srcset=\"https:\/\/www.radioluna.it\/news\/wp-content\/uploads\/2013\/04\/jazz-150x150.jpg 150w, https:\/\/www.radioluna.it\/news\/wp-content\/uploads\/2013\/04\/jazz-80x80.jpg 80w, https:\/\/www.radioluna.it\/news\/wp-content\/uploads\/2013\/04\/jazz-50x50.jpg 50w\" sizes=\"auto, (max-width: 150px) 100vw, 150px\" \/>FONDI &#8211; L\u2019Associazione Culturale Festival Factory organizza la seconda edizione del \u201cFondi Jazz Festival\u201d, kermesse musicale ideata per promuovere il territorio attraverso un calendario di concerti e seminari che vedr\u00e0 all\u2019opera alcuni tra i pi\u00f9 validi musicisti Jazz del panorama nazionale.<\/p>\n<p style=\"text-align: justify;\">L\u2019iniziativa \u2013 che si svolger\u00e0 da Venerd\u00ec 18 a Domenica 20 Luglio prossimi \u2013 \u00e8 patrocinata dal Comune di Fondi.<br \/>\nIl chiostro di San Domenico in via San Tommaso d\u2019Aquino ospiter\u00e0 alle ore 21.30 i tre concerti in programma, il primo dei quali \u00e8 previsto per Venerd\u00ec 18: \u201cOmaggio a Jim Hall\u201d, con il Trio Luca Nostro (chitarra), Andrea Avena (contrabbasso), Davide Pentassuglia (batteria). Gli esecutori ripercorreranno le tappe della carriera stellare del grande chitarrista statunitense, scomparso nel Dicembre scorso, attraverso alcune delle sue pi\u00f9 belle composizioni e quelle di alcuni suoi allievi, come Bill Frisell, John Scofield, Pat Metheny, Pete Bernstein.<br \/>\nSabato 19 Luglio \u00e8 in programma l\u2019esibizione dell\u2019\u201cHard Jazz Quartet\u201d, che vedr\u00e0 il chitarrista Umberto Fiorentino esibirsi con Fabio Zeppetella (chitarra), Luca Bulgarelli (basso) e John Arnold (batteria), gruppo che ha il suo punto di forza nell\u2019energia espressa dai singoli musicisti. Il pubblico potr\u00e0 ascoltare sonorit\u00e0 elettroniche e composizioni originali in una reinterpretazione in chiave moderna del Jazz elettrico.<br \/>\nDomenica 20 sar\u00e0 la volta del \u201cGypsy Trio\u201d, composto da Salvatore Russo (chitarra solista), Tony Miolla (chitarra ritmica) e Camillo Pace (doppio basso). Il Trio esegue dal vivo il progetto discogra\ufb01co \u201cLa Touche Manouche\u201d, un concerto strumentale nello stile del Gypsy Jazz o Manouche, genere musicale di grande tradizione e cultura molto in voga in questi ultimi anni. Il repertorio, che comprende l\u2019esecuzione di alcuni brani del grande Django Reinhardt, accoglie anche classici della musica italiana reinterpretati in chiave acustica moderna.<br \/>\nParallelamente ai concerti il \u201cFondi Jazz Festival\u201d offre agli appassionati anche la possibilit\u00e0 di seguire un interessante ciclo di seminari, che avranno luogo presso l\u2019Auditorium comunale alle ore 16.00. Il primo incontro \u00e8 previsto per Venerd\u00ec 18 e sar\u00e0 tenuto dal contrabbassista Andrea Avena. Seguiranno quello con i chitarristi Umberto Fiorentino e Fabio Zeppetella, previsto per Sabato 19, e con il chitarrista Gipsy Salvatore Russo, programmato per Domenica 20.<br \/>\nLa prevendita dei biglietti e l\u2019iscrizione ai seminari si effettuano a Fondi presso la \u201cCartolibreria Martusciello\u201d in piazza della Repubblica n\u00b022 e \u201cMondo Musica\u201d in via Nazario Sauro n\u00b043, oppure online tramite il sito internet della kermesse.<\/p>\n","protected":false},"excerpt":{"rendered":"<p>FONDI &#8211; L\u2019Associazione Culturale Festival Factory organizza la seconda edizione del \u201cFondi Jazz Festival\u201d, kermesse musicale ideata per promuovere il territorio attraverso un calendario di concerti e seminari che vedr\u00e0 all\u2019opera alcuni tra i pi\u00f9 validi musicisti Jazz del panorama nazionale. L\u2019iniziativa \u2013 che si svolger\u00e0 da Venerd\u00ec 18 a Domenica 20 Luglio prossimi \u2013 [&hellip;]<\/p>\n","protected":false},"author":60,"featured_media":134547,"comment_status":"open","ping_status":"closed","sticky":false,"template":"","format":"standard","meta":{"footnotes":""},"categories":[16,15],"tags":[],"class_list":["post-152727","post","type-post","status-publish","format-standard","has-post-thumbnail","hentry","category-appuntamenti","category-cultura"],"_links":{"self":[{"href":"https:\/\/www.radioluna.it\/news\/wp-json\/wp\/v2\/posts\/152727","targetHints":{"allow":["GET"]}}],"collection":[{"href":"https:\/\/www.radioluna.it\/news\/wp-json\/wp\/v2\/posts"}],"about":[{"href":"https:\/\/www.radioluna.it\/news\/wp-json\/wp\/v2\/types\/post"}],"author":[{"embeddable":true,"href":"https:\/\/www.radioluna.it\/news\/wp-json\/wp\/v2\/users\/60"}],"replies":[{"embeddable":true,"href":"https:\/\/www.radioluna.it\/news\/wp-json\/wp\/v2\/comments?post=152727"}],"version-history":[{"count":0,"href":"https:\/\/www.radioluna.it\/news\/wp-json\/wp\/v2\/posts\/152727\/revisions"}],"wp:featuredmedia":[{"embeddable":true,"href":"https:\/\/www.radioluna.it\/news\/wp-json\/wp\/v2\/media\/134547"}],"wp:attachment":[{"href":"https:\/\/www.radioluna.it\/news\/wp-json\/wp\/v2\/media?parent=152727"}],"wp:term":[{"taxonomy":"category","embeddable":true,"href":"https:\/\/www.radioluna.it\/news\/wp-json\/wp\/v2\/categories?post=152727"},{"taxonomy":"post_tag","embeddable":true,"href":"https:\/\/www.radioluna.it\/news\/wp-json\/wp\/v2\/tags?post=152727"}],"curies":[{"name":"wp","href":"https:\/\/api.w.org\/{rel}","templated":true}]}}