{"id":152800,"date":"2014-07-16T18:16:33","date_gmt":"2014-07-16T16:16:33","guid":{"rendered":"http:\/\/www.radioluna.it\/news\/?p=152800"},"modified":"2014-07-16T18:16:33","modified_gmt":"2014-07-16T16:16:33","slug":"terracina-rinvenuta-e-sequestrata-una-statua-romana-il-blitz-delle-fiamme-gialle","status":"publish","type":"post","link":"https:\/\/www.radioluna.it\/news\/2014\/07\/terracina-rinvenuta-e-sequestrata-una-statua-romana-il-blitz-delle-fiamme-gialle\/","title":{"rendered":"Terracina, rinvenuta e sequestrata una statua romana. Il blitz delle Fiamme Gialle"},"content":{"rendered":"<div id=\"fb-root\"><\/div>\n<p style=\"text-align: justify;\"><img loading=\"lazy\" decoding=\"async\" class=\"aligncenter size-thumbnail wp-image-152801\" src=\"http:\/\/www.radioluna.it\/news\/wp-content\/uploads\/2014\/07\/reperto-archeologico-terracina-635x959.jpg\" alt=\"reperto archeologico terracina\" width=\"635\" height=\"959\" srcset=\"https:\/\/www.radioluna.it\/news\/wp-content\/uploads\/2014\/07\/reperto-archeologico-terracina-635x959.jpg 635w, https:\/\/www.radioluna.it\/news\/wp-content\/uploads\/2014\/07\/reperto-archeologico-terracina-199x300.jpg 199w, https:\/\/www.radioluna.it\/news\/wp-content\/uploads\/2014\/07\/reperto-archeologico-terracina-768x1160.jpg 768w, https:\/\/www.radioluna.it\/news\/wp-content\/uploads\/2014\/07\/reperto-archeologico-terracina-678x1024.jpg 678w, https:\/\/www.radioluna.it\/news\/wp-content\/uploads\/2014\/07\/reperto-archeologico-terracina-500x755.jpg 500w, https:\/\/www.radioluna.it\/news\/wp-content\/uploads\/2014\/07\/reperto-archeologico-terracina-800x1208.jpg 800w, https:\/\/www.radioluna.it\/news\/wp-content\/uploads\/2014\/07\/reperto-archeologico-terracina.jpg 1000w\" sizes=\"auto, (max-width: 635px) 100vw, 635px\" \/><\/p>\n<p style=\"text-align: justify;\">TERRACINA &#8211; Era cementata nel giardino di un&#8217;abitazione privata, nel centro storico di Terracina. Le Fiamme Gialle hanno rinvenuto e sequestrato una statua romana raffigurante una &#8220;pudicitia&#8221; femminile, purtroppo senza testa. La scultura in calce locale, dell&#8217;et\u00e0 Giulio Claudia, alta poco pi\u00f9 di un metro e mezzo, \u00e8 stata\u00a0notata dai finanzieri della tenenza locale durante una perlustrazione volta proprio all&#8217;individuazione di reperti storici e archeologici detenuti abusivamente.<\/p>\n<p style=\"text-align: justify;\">La Statua riproduce una classica interpretazione della Dea Pudicitia e del culto che i romani durante l&#8217;et\u00e0 augustea rivolgevano alla regolatezza nei costumi e alla morigeratezza a cui le matrone dovevano ispirarsi. Il\u00a0reperto \u00e8 stato sequestrato su ordine della Procura della Repubblica di Latina dopo un&#8217;attenta attivit\u00e0 d&#8217;indagine e a seguito di riscontri archeologici preventivi. Si trovava in casa di un incensurato di Terracina che non \u00e8 stato in grado di giustificarne la presenza nel proprio giardino. L&#8217;uomo \u00e8 stato denunciato\u00a0per non aver presentato alla Sovrintendenza le comunicazioni che ne legittimano il possesso. Le indagini proseguono per accertare la provenienza della statua e l&#8217;eventuale coinvolgimento di altre persone nella vicenda.<\/p>\n","protected":false},"excerpt":{"rendered":"<p>TERRACINA &#8211; Era cementata nel giardino di un&#8217;abitazione privata, nel centro storico di Terracina. Le Fiamme Gialle hanno rinvenuto e sequestrato una statua romana raffigurante una &#8220;pudicitia&#8221; femminile, purtroppo senza testa. La scultura in calce locale, dell&#8217;et\u00e0 Giulio Claudia, alta poco pi\u00f9 di un metro e mezzo, \u00e8 stata\u00a0notata dai finanzieri della tenenza locale durante [&hellip;]<\/p>\n","protected":false},"author":60,"featured_media":152801,"comment_status":"open","ping_status":"closed","sticky":false,"template":"","format":"standard","meta":{"footnotes":""},"categories":[735,7],"tags":[],"class_list":["post-152800","post","type-post","status-publish","format-standard","has-post-thumbnail","hentry","category-attualita","category-cronaca"],"_links":{"self":[{"href":"https:\/\/www.radioluna.it\/news\/wp-json\/wp\/v2\/posts\/152800","targetHints":{"allow":["GET"]}}],"collection":[{"href":"https:\/\/www.radioluna.it\/news\/wp-json\/wp\/v2\/posts"}],"about":[{"href":"https:\/\/www.radioluna.it\/news\/wp-json\/wp\/v2\/types\/post"}],"author":[{"embeddable":true,"href":"https:\/\/www.radioluna.it\/news\/wp-json\/wp\/v2\/users\/60"}],"replies":[{"embeddable":true,"href":"https:\/\/www.radioluna.it\/news\/wp-json\/wp\/v2\/comments?post=152800"}],"version-history":[{"count":0,"href":"https:\/\/www.radioluna.it\/news\/wp-json\/wp\/v2\/posts\/152800\/revisions"}],"wp:featuredmedia":[{"embeddable":true,"href":"https:\/\/www.radioluna.it\/news\/wp-json\/wp\/v2\/media\/152801"}],"wp:attachment":[{"href":"https:\/\/www.radioluna.it\/news\/wp-json\/wp\/v2\/media?parent=152800"}],"wp:term":[{"taxonomy":"category","embeddable":true,"href":"https:\/\/www.radioluna.it\/news\/wp-json\/wp\/v2\/categories?post=152800"},{"taxonomy":"post_tag","embeddable":true,"href":"https:\/\/www.radioluna.it\/news\/wp-json\/wp\/v2\/tags?post=152800"}],"curies":[{"name":"wp","href":"https:\/\/api.w.org\/{rel}","templated":true}]}}