{"id":152802,"date":"2014-07-16T18:28:30","date_gmt":"2014-07-16T16:28:30","guid":{"rendered":"http:\/\/www.radioluna.it\/news\/?p=152802"},"modified":"2014-07-16T18:28:30","modified_gmt":"2014-07-16T16:28:30","slug":"calcio-ufficiale-petagna-al-latina","status":"publish","type":"post","link":"https:\/\/www.radioluna.it\/news\/2014\/07\/calcio-ufficiale-petagna-al-latina\/","title":{"rendered":"Calcio, ufficiale: Petagna al Latina"},"content":{"rendered":"<div id=\"fb-root\"><\/div>\n<div style=\"text-align: justify;\"><img loading=\"lazy\" decoding=\"async\" class=\"aligncenter size-full wp-image-152803\" src=\"http:\/\/www.radioluna.it\/news\/wp-content\/uploads\/2014\/07\/petagna_mialn.jpg\" alt=\"Sassuolo-Milan trofeo Tim\" width=\"420\" height=\"300\" srcset=\"https:\/\/www.radioluna.it\/news\/wp-content\/uploads\/2014\/07\/petagna_mialn.jpg 420w, https:\/\/www.radioluna.it\/news\/wp-content\/uploads\/2014\/07\/petagna_mialn-300x214.jpg 300w\" sizes=\"auto, (max-width: 420px) 100vw, 420px\" \/><\/div>\n<div style=\"text-align: justify;\"><\/div>\n<div style=\"text-align: justify;\">LATINA- Andrea Petagna arriva al Latina con la formula del prestito con diritto di riscatto dal Milan. L&#8217;attaccante di scuola rossonera ha raggiunto l&#8217;accordo con il club nerazzurro e sar\u00e0 un nuovo rinforzo per l&#8217;allenatore Mario Beretta.<\/div>\n<div style=\"text-align: justify;\">Petagna \u00e8 nato a Trieste il 30 giugno del 1995 ed \u00e8 un attaccante di grande stazza fisica: \u00a0ha esordito in serie A con il Milan il 24 agosto del 2013 al Bentegodi nella partita persa (2-1) contro l&#8217;Hellas Verona, poi \u00e8 passato in prestito alla Sampdoria e infine \u00e8 tornato lo scorso gennaio al Milan. Con la squadra rossonera ha esordito collezionando un gettone anche in Champions League. Su Petagna c&#8217;erano gli occhi anche di altre societ\u00e0.<\/div>\n","protected":false},"excerpt":{"rendered":"<p>LATINA- Andrea Petagna arriva al Latina con la formula del prestito con diritto di riscatto dal Milan. L&#8217;attaccante di scuola rossonera ha raggiunto l&#8217;accordo con il club nerazzurro e sar\u00e0 un nuovo rinforzo per l&#8217;allenatore Mario Beretta. Petagna \u00e8 nato a Trieste il 30 giugno del 1995 ed \u00e8 un attaccante di grande stazza fisica: [&hellip;]<\/p>\n","protected":false},"author":60,"featured_media":152803,"comment_status":"open","ping_status":"closed","sticky":false,"template":"","format":"standard","meta":{"footnotes":""},"categories":[7,17],"tags":[],"class_list":["post-152802","post","type-post","status-publish","format-standard","has-post-thumbnail","hentry","category-cronaca","category-sport"],"_links":{"self":[{"href":"https:\/\/www.radioluna.it\/news\/wp-json\/wp\/v2\/posts\/152802","targetHints":{"allow":["GET"]}}],"collection":[{"href":"https:\/\/www.radioluna.it\/news\/wp-json\/wp\/v2\/posts"}],"about":[{"href":"https:\/\/www.radioluna.it\/news\/wp-json\/wp\/v2\/types\/post"}],"author":[{"embeddable":true,"href":"https:\/\/www.radioluna.it\/news\/wp-json\/wp\/v2\/users\/60"}],"replies":[{"embeddable":true,"href":"https:\/\/www.radioluna.it\/news\/wp-json\/wp\/v2\/comments?post=152802"}],"version-history":[{"count":0,"href":"https:\/\/www.radioluna.it\/news\/wp-json\/wp\/v2\/posts\/152802\/revisions"}],"wp:featuredmedia":[{"embeddable":true,"href":"https:\/\/www.radioluna.it\/news\/wp-json\/wp\/v2\/media\/152803"}],"wp:attachment":[{"href":"https:\/\/www.radioluna.it\/news\/wp-json\/wp\/v2\/media?parent=152802"}],"wp:term":[{"taxonomy":"category","embeddable":true,"href":"https:\/\/www.radioluna.it\/news\/wp-json\/wp\/v2\/categories?post=152802"},{"taxonomy":"post_tag","embeddable":true,"href":"https:\/\/www.radioluna.it\/news\/wp-json\/wp\/v2\/tags?post=152802"}],"curies":[{"name":"wp","href":"https:\/\/api.w.org\/{rel}","templated":true}]}}