{"id":152811,"date":"2014-07-16T20:03:33","date_gmt":"2014-07-16T18:03:33","guid":{"rendered":"http:\/\/www.radioluna.it\/news\/?p=152811"},"modified":"2014-07-16T20:03:33","modified_gmt":"2014-07-16T18:03:33","slug":"il-tar-di-latina-rischia-la-soppressione-il-sindaco-interviene","status":"publish","type":"post","link":"https:\/\/www.radioluna.it\/news\/2014\/07\/il-tar-di-latina-rischia-la-soppressione-il-sindaco-interviene\/","title":{"rendered":"Il Tar di Latina rischia la soppressione. Il sindaco interviene"},"content":{"rendered":"<div id=\"fb-root\"><\/div>\n<p style=\"text-align: justify;\"><img loading=\"lazy\" decoding=\"async\" class=\"aligncenter size-thumbnail wp-image-116043\" src=\"http:\/\/www.radioluna.it\/news\/wp-content\/uploads\/2012\/02\/tar-lazio-targa-r375-150x150.jpg\" alt=\"00001635.jpg\" width=\"150\" height=\"150\" srcset=\"https:\/\/www.radioluna.it\/news\/wp-content\/uploads\/2012\/02\/tar-lazio-targa-r375-150x150.jpg 150w, https:\/\/www.radioluna.it\/news\/wp-content\/uploads\/2012\/02\/tar-lazio-targa-r375-50x50.jpg 50w, https:\/\/www.radioluna.it\/news\/wp-content\/uploads\/2012\/02\/tar-lazio-targa-r375-80x80.jpg 80w\" sizes=\"auto, (max-width: 150px) 100vw, 150px\" \/>LATINA &#8211; Il Tar di Latina rischia di essere soppresso.\u00a0Con il Decreto Legge sulla Riforma della Pubblica Amministrazione, approvato nella seduta del Consiglio dei Ministri del 16\/06\/2014, il Governo ha previsto infatti, \u00a0la soppressione di otto sezioni distaccate dei Tribunali Amministrativi Regionali dal 1 ottobre 2014.<\/p>\n<p style=\"text-align: justify;\">Immediato il commento del sindaco del capoluogo Di Giorgi, &#8220;la soppressione del Tar \u00e8 un provvedimento inconcepibile &#8211; afferma &#8211; L\u2019istituzione della sede staccata del TAR di Latina, prevista dalla legge istitutiva del TAR, risponde a importanti, specifiche esigenze tutt\u2019ora pienamente valide. Mi riferisco, oltre che ad un aspetto territoriale proprio dell\u2019area di Latina sotto il profilo sociale, economico e di contiguit\u00e0 con territori ad alta incidenza criminale come sono le province di Roma e Caserta, anche alla funzione di decongestione che la sede di Latina del TAR svolge rispetto a quella romana. La ipotizzata soppressione avrebbe quindi l\u2019effetto di un inevitabile rallentamento del complessivo sistema della Giustizia Amministrativa nel Lazio, costringendo inoltre i cittadini pontini a limitare di fatto i propri diritti perch\u00e9 i costi a loro carico aumenteranno ulteriormente. Ci saranno, inoltre, aumenti dei costi per la pubblica amministrazione: tutti gli Enti locali pontini dovranno sostenere spese maggiori per le cause pendenti, a partire dalle trasferte e le domiciliazioni che i legali dovranno sostenere, con ci\u00f2 arrecando gravi danni e disagi all\u2019attivit\u00e0 degli avvocati pontini. I costi, inoltre, non diminuirebbero: la sede del TAR di Latina \u00e8 sita in un immobile di propriet\u00e0 demaniale mentre trasferire i fascicoli frutto di decenni di attivit\u00e0 costringerebbe il TAR di Roma a prendere in locazione un altro immobile, con le spese per il personale che rimarrebbero immutate&#8221;.<\/p>\n<p style=\"text-align: justify;\">In questi anni la sede staccata del TAR di Latina ha svolto un importante ed efficace lavoro sotto il profilo del confronto giuridico tra cittadino e pubblica amministrazione, &#8220;sopprimerla &#8211; continua il sindaco &#8211; \u00a0significherebbe un impoverimento complessivo delle tutela del cittadino nei riguardi delle istituzioni ma anche la perdita di un patrimonio professionale che appartiene alla storia della nostra citt\u00e0.\u00a0Per questo \u2013 conclude \u2013 mi schiero al fianco del presidente del TAR di Latina, Franco Corsaro, condividendo le ragioni delle sue posizioni contrarie alla soppressione della sede di Latina, e mi rendo disponibile per iniziative tese a modificare tale riforma e, ove necessario, portare la questione all\u2019attenzione del Consiglio comunale per un pronunciamento a tutela dei diritti dei cittadini\u201d.<\/p>\n<p style=\"text-align: justify;\">\n<p>&nbsp;<\/p>\n","protected":false},"excerpt":{"rendered":"<p>LATINA &#8211; Il Tar di Latina rischia di essere soppresso.\u00a0Con il Decreto Legge sulla Riforma della Pubblica Amministrazione, approvato nella seduta del Consiglio dei Ministri del 16\/06\/2014, il Governo ha previsto infatti, \u00a0la soppressione di otto sezioni distaccate dei Tribunali Amministrativi Regionali dal 1 ottobre 2014. Immediato il commento del sindaco del capoluogo Di Giorgi, [&hellip;]<\/p>\n","protected":false},"author":60,"featured_media":116043,"comment_status":"open","ping_status":"closed","sticky":false,"template":"","format":"standard","meta":{"footnotes":""},"categories":[7,8],"tags":[],"class_list":["post-152811","post","type-post","status-publish","format-standard","has-post-thumbnail","hentry","category-cronaca","category-politica"],"_links":{"self":[{"href":"https:\/\/www.radioluna.it\/news\/wp-json\/wp\/v2\/posts\/152811","targetHints":{"allow":["GET"]}}],"collection":[{"href":"https:\/\/www.radioluna.it\/news\/wp-json\/wp\/v2\/posts"}],"about":[{"href":"https:\/\/www.radioluna.it\/news\/wp-json\/wp\/v2\/types\/post"}],"author":[{"embeddable":true,"href":"https:\/\/www.radioluna.it\/news\/wp-json\/wp\/v2\/users\/60"}],"replies":[{"embeddable":true,"href":"https:\/\/www.radioluna.it\/news\/wp-json\/wp\/v2\/comments?post=152811"}],"version-history":[{"count":0,"href":"https:\/\/www.radioluna.it\/news\/wp-json\/wp\/v2\/posts\/152811\/revisions"}],"wp:featuredmedia":[{"embeddable":true,"href":"https:\/\/www.radioluna.it\/news\/wp-json\/wp\/v2\/media\/116043"}],"wp:attachment":[{"href":"https:\/\/www.radioluna.it\/news\/wp-json\/wp\/v2\/media?parent=152811"}],"wp:term":[{"taxonomy":"category","embeddable":true,"href":"https:\/\/www.radioluna.it\/news\/wp-json\/wp\/v2\/categories?post=152811"},{"taxonomy":"post_tag","embeddable":true,"href":"https:\/\/www.radioluna.it\/news\/wp-json\/wp\/v2\/tags?post=152811"}],"curies":[{"name":"wp","href":"https:\/\/api.w.org\/{rel}","templated":true}]}}