{"id":152812,"date":"2014-07-16T20:09:13","date_gmt":"2014-07-16T18:09:13","guid":{"rendered":"http:\/\/www.radioluna.it\/news\/?p=152812"},"modified":"2014-07-16T20:09:13","modified_gmt":"2014-07-16T18:09:13","slug":"top-volley-arriva-il-belga-van-de-voorde","status":"publish","type":"post","link":"https:\/\/www.radioluna.it\/news\/2014\/07\/top-volley-arriva-il-belga-van-de-voorde\/","title":{"rendered":"Top Volley, arriva il belga Van De Voorde"},"content":{"rendered":"<div id=\"fb-root\"><\/div>\n<p style=\"text-align: justify;\"><img loading=\"lazy\" decoding=\"async\" class=\"aligncenter size-thumbnail wp-image-146347\" src=\"http:\/\/www.radioluna.it\/news\/wp-content\/uploads\/2014\/02\/volley-generica-150x150.jpg\" alt=\"volley generica\" width=\"150\" height=\"150\" srcset=\"https:\/\/www.radioluna.it\/news\/wp-content\/uploads\/2014\/02\/volley-generica-150x150.jpg 150w, https:\/\/www.radioluna.it\/news\/wp-content\/uploads\/2014\/02\/volley-generica-80x80.jpg 80w, https:\/\/www.radioluna.it\/news\/wp-content\/uploads\/2014\/02\/volley-generica-50x50.jpg 50w\" sizes=\"auto, (max-width: 150px) 100vw, 150px\" \/>LATINA &#8211; Un\u2019altra torre va a comporre lo scacchiere del Latina. \u00c8 il 24enne centrale belga Simon van de Voorde che come Andrea Semnzato \u201csvetta\u201d con i suoi 208 centimetri di altezza, uno in pi\u00f9 di Sasa Starovic. I pontini puntano in questa stagione alla fisicit\u00e0. Il centrale di Lauven \u00e8 reduce dalle final four di Sydney con la propria nazionale dove ha chiuso al terzo posto la seconda fascia della World League. Una nazionale, quella del Belgio, emergente che ha chiuso al settimo posto l\u2019Europeo 2013 con un gruppo molto giovane che aveva conquistato uno storico bronzo all\u2019Europeo Cadetti di Vienna nel 2007 e un sesto posto al Mondiale della Bassa California (Mex) nello stesso anno e dove era presente il nuovo belga del Latina.<\/p>\n","protected":false},"excerpt":{"rendered":"<p>LATINA &#8211; Un\u2019altra torre va a comporre lo scacchiere del Latina. \u00c8 il 24enne centrale belga Simon van de Voorde che come Andrea Semnzato \u201csvetta\u201d con i suoi 208 centimetri di altezza, uno in pi\u00f9 di Sasa Starovic. I pontini puntano in questa stagione alla fisicit\u00e0. Il centrale di Lauven \u00e8 reduce dalle final four [&hellip;]<\/p>\n","protected":false},"author":60,"featured_media":146347,"comment_status":"open","ping_status":"closed","sticky":false,"template":"","format":"standard","meta":{"footnotes":""},"categories":[7,17],"tags":[],"class_list":["post-152812","post","type-post","status-publish","format-standard","has-post-thumbnail","hentry","category-cronaca","category-sport"],"_links":{"self":[{"href":"https:\/\/www.radioluna.it\/news\/wp-json\/wp\/v2\/posts\/152812","targetHints":{"allow":["GET"]}}],"collection":[{"href":"https:\/\/www.radioluna.it\/news\/wp-json\/wp\/v2\/posts"}],"about":[{"href":"https:\/\/www.radioluna.it\/news\/wp-json\/wp\/v2\/types\/post"}],"author":[{"embeddable":true,"href":"https:\/\/www.radioluna.it\/news\/wp-json\/wp\/v2\/users\/60"}],"replies":[{"embeddable":true,"href":"https:\/\/www.radioluna.it\/news\/wp-json\/wp\/v2\/comments?post=152812"}],"version-history":[{"count":0,"href":"https:\/\/www.radioluna.it\/news\/wp-json\/wp\/v2\/posts\/152812\/revisions"}],"wp:featuredmedia":[{"embeddable":true,"href":"https:\/\/www.radioluna.it\/news\/wp-json\/wp\/v2\/media\/146347"}],"wp:attachment":[{"href":"https:\/\/www.radioluna.it\/news\/wp-json\/wp\/v2\/media?parent=152812"}],"wp:term":[{"taxonomy":"category","embeddable":true,"href":"https:\/\/www.radioluna.it\/news\/wp-json\/wp\/v2\/categories?post=152812"},{"taxonomy":"post_tag","embeddable":true,"href":"https:\/\/www.radioluna.it\/news\/wp-json\/wp\/v2\/tags?post=152812"}],"curies":[{"name":"wp","href":"https:\/\/api.w.org\/{rel}","templated":true}]}}