{"id":152813,"date":"2014-07-16T20:17:48","date_gmt":"2014-07-16T18:17:48","guid":{"rendered":"http:\/\/www.radioluna.it\/news\/?p=152813"},"modified":"2014-07-16T20:20:16","modified_gmt":"2014-07-16T18:20:16","slug":"in-regione-un-confronto-sulla-sanita-pontina","status":"publish","type":"post","link":"https:\/\/www.radioluna.it\/news\/2014\/07\/in-regione-un-confronto-sulla-sanita-pontina\/","title":{"rendered":"In Regione un confronto sulla sanit\u00e0"},"content":{"rendered":"<div id=\"fb-root\"><\/div>\n<div id=\"attachment_107238\" style=\"width: 160px\" class=\"wp-caption aligncenter\"><img loading=\"lazy\" decoding=\"async\" aria-describedby=\"caption-attachment-107238\" class=\"size-thumbnail wp-image-107238\" src=\"http:\/\/www.radioluna.it\/news\/wp-content\/uploads\/2011\/07\/Ospedale_Santa_Maria_Goretti_di_Latina-150x150.jpg\" alt=\"Ospedale S.M. Goretti di Latina\" width=\"150\" height=\"150\" \/><p id=\"caption-attachment-107238\" class=\"wp-caption-text\">Ospedale S.M. Goretti di Latina<\/p><\/div>\n<p style=\"text-align: justify;\">LATINA &#8211; Un confronto sui temi della sanit\u00e0 pontina in Regione. Si terr\u00e0 il 28 luglio e vedr\u00e0 il sindaco di Latina, Giovanni Di Giorgi, guidare la delegazioni dei sindaci pontini, uno in rappresentanza di ciascuno dei singoli distretti sociosanitari del territorio. L\u2019incontro era stato richiesto a seguito delle risultanze della Conferenza dei sindaci sulla sanit\u00e0 dello scorso 4 luglio. In quella occasione si era sviluppato un proficuo confronto tra il nuovo management della Asl ed i sindaci pontini sui temi principali del sistema sanitario locale, al termine del quale era stato condiviso all\u2019unanimit\u00e0 di lavorare a stretto contatto con la direzione generale della Asl e con la Regione per analizzare e cercare di risolvere le varie criticit\u00e0 del sistema sanitario locale. In questa prospettiva i sindaci avevano deciso, appunto, di chiedere un incontro a Zingaretti al fine di esporre al presidente in maniera diretta e costruttiva le tematiche condivise dalla Conferenza dei sindaci.<\/p>\n<p style=\"text-align: justify;\">Per quanto riguarda la parziale chiusura estiva del\u00a0Day Surgery del Santa Maria Goretti di Latina, il primo cittadino rassicura i cittadini e si impegna affinch\u00e9 venga garantita prima della fine di settembre la riapertura del reparto. &#8220;Grazie al lavoro dei medici e alla loro abnegazione saranno resi minimi i disagi per i pazienti del Day Surgery &#8211; spiega Di Giorgi &#8211; \u00a0ma l\u2019impegno di tutti deve essere quello di fare in modo che il nostro ospedale possa essere effettivamente posto nelle condizioni di operare all\u2019altezza di un Dea di II livello e, quindi, situazioni come la chiusura estiva del Day Surgery non abbiano pi\u00f9 a ripetersi in futuro. In tal senso, sono convinto che l\u2019impegno e l\u2019azione della direzione generale della Asl di Latina sapranno far valere queste posizioni e consentiranno alla sanit\u00e0 pontina di dirigersi verso un pi\u00f9 efficiente ed equilibrato assetto&#8221;.<\/p>\n<p>&nbsp;<\/p>\n","protected":false},"excerpt":{"rendered":"<p>LATINA &#8211; Un confronto sui temi della sanit\u00e0 pontina in Regione. Si terr\u00e0 il 28 luglio e vedr\u00e0 il sindaco di Latina, Giovanni Di Giorgi, guidare la delegazioni dei sindaci pontini, uno in rappresentanza di ciascuno dei singoli distretti sociosanitari del territorio. L\u2019incontro era stato richiesto a seguito delle risultanze della Conferenza dei sindaci sulla [&hellip;]<\/p>\n","protected":false},"author":60,"featured_media":107238,"comment_status":"open","ping_status":"closed","sticky":false,"template":"","format":"standard","meta":{"footnotes":""},"categories":[7],"tags":[],"class_list":["post-152813","post","type-post","status-publish","format-standard","has-post-thumbnail","hentry","category-cronaca"],"_links":{"self":[{"href":"https:\/\/www.radioluna.it\/news\/wp-json\/wp\/v2\/posts\/152813","targetHints":{"allow":["GET"]}}],"collection":[{"href":"https:\/\/www.radioluna.it\/news\/wp-json\/wp\/v2\/posts"}],"about":[{"href":"https:\/\/www.radioluna.it\/news\/wp-json\/wp\/v2\/types\/post"}],"author":[{"embeddable":true,"href":"https:\/\/www.radioluna.it\/news\/wp-json\/wp\/v2\/users\/60"}],"replies":[{"embeddable":true,"href":"https:\/\/www.radioluna.it\/news\/wp-json\/wp\/v2\/comments?post=152813"}],"version-history":[{"count":0,"href":"https:\/\/www.radioluna.it\/news\/wp-json\/wp\/v2\/posts\/152813\/revisions"}],"wp:featuredmedia":[{"embeddable":true,"href":"https:\/\/www.radioluna.it\/news\/wp-json\/wp\/v2\/media\/107238"}],"wp:attachment":[{"href":"https:\/\/www.radioluna.it\/news\/wp-json\/wp\/v2\/media?parent=152813"}],"wp:term":[{"taxonomy":"category","embeddable":true,"href":"https:\/\/www.radioluna.it\/news\/wp-json\/wp\/v2\/categories?post=152813"},{"taxonomy":"post_tag","embeddable":true,"href":"https:\/\/www.radioluna.it\/news\/wp-json\/wp\/v2\/tags?post=152813"}],"curies":[{"name":"wp","href":"https:\/\/api.w.org\/{rel}","templated":true}]}}