{"id":152824,"date":"2014-07-17T10:36:13","date_gmt":"2014-07-17T08:36:13","guid":{"rendered":"http:\/\/www.radioluna.it\/news\/?p=152824"},"modified":"2014-07-17T19:27:55","modified_gmt":"2014-07-17T17:27:55","slug":"incidente-in-via-carrara-ferita-una-bambina","status":"publish","type":"post","link":"https:\/\/www.radioluna.it\/news\/2014\/07\/incidente-in-via-carrara-ferita-una-bambina\/","title":{"rendered":"Incidente in via Carrara, ferita una bambina"},"content":{"rendered":"<div id=\"fb-root\"><\/div>\n<p><img loading=\"lazy\" decoding=\"async\" class=\"alignleft size-thumbnail wp-image-19158\" src=\"http:\/\/www.radioluna.it\/news\/wp-content\/uploads\/2010\/09\/ambulanza-porte-aperte-150x150.jpg\" alt=\"ambulanza porte aperte\" width=\"150\" height=\"150\" srcset=\"https:\/\/www.radioluna.it\/news\/wp-content\/uploads\/2010\/09\/ambulanza-porte-aperte-150x150.jpg 150w, https:\/\/www.radioluna.it\/news\/wp-content\/uploads\/2010\/09\/ambulanza-porte-aperte-300x300.jpg 300w, https:\/\/www.radioluna.it\/news\/wp-content\/uploads\/2010\/09\/ambulanza-porte-aperte-80x80.jpg 80w, https:\/\/www.radioluna.it\/news\/wp-content\/uploads\/2010\/09\/ambulanza-porte-aperte-35x35.jpg 35w, https:\/\/www.radioluna.it\/news\/wp-content\/uploads\/2010\/09\/ambulanza-porte-aperte-55x55.jpg 55w, https:\/\/www.radioluna.it\/news\/wp-content\/uploads\/2010\/09\/ambulanza-porte-aperte-45x45.jpg 45w, https:\/\/www.radioluna.it\/news\/wp-content\/uploads\/2010\/09\/ambulanza-porte-aperte-70x70.jpg 70w, https:\/\/www.radioluna.it\/news\/wp-content\/uploads\/2010\/09\/ambulanza-porte-aperte-110x110.jpg 110w\" sizes=\"auto, (max-width: 150px) 100vw, 150px\" \/><\/p>\n<p style=\"text-align: justify;\"><strong>LATINA-<\/strong> Un grave incidente stradale \u00e8 avvenuto questa mattina in via Carrara, al confine tra i comuni di Latina e Sermoneta. In uno scontro tra una Mercedes Classe A e una Fiat una bambina di un anno, \u00e8 rimasta ferita ed \u00e8 stata trasportata al Goretti. La Fiat per cause da accertare da parte della polizia locale si \u00e8 capovolta ed \u00e8 finita in una canale di scolo. Non sono mancati i disagi alla circolazione. Sul posto sono intervenuti vigili del fuoco e 118.<\/p>\n<p style=\"text-align: justify;\">\n","protected":false},"excerpt":{"rendered":"<p>LATINA- Un grave incidente stradale \u00e8 avvenuto questa mattina in via Carrara, al confine tra i comuni di Latina e Sermoneta. In uno scontro tra una Mercedes Classe A e una Fiat una bambina di un anno, \u00e8 rimasta ferita ed \u00e8 stata trasportata al Goretti. La Fiat per cause da accertare da parte della [&hellip;]<\/p>\n","protected":false},"author":60,"featured_media":19158,"comment_status":"open","ping_status":"closed","sticky":false,"template":"","format":"standard","meta":{"footnotes":""},"categories":[7],"tags":[],"class_list":["post-152824","post","type-post","status-publish","format-standard","has-post-thumbnail","hentry","category-cronaca"],"_links":{"self":[{"href":"https:\/\/www.radioluna.it\/news\/wp-json\/wp\/v2\/posts\/152824","targetHints":{"allow":["GET"]}}],"collection":[{"href":"https:\/\/www.radioluna.it\/news\/wp-json\/wp\/v2\/posts"}],"about":[{"href":"https:\/\/www.radioluna.it\/news\/wp-json\/wp\/v2\/types\/post"}],"author":[{"embeddable":true,"href":"https:\/\/www.radioluna.it\/news\/wp-json\/wp\/v2\/users\/60"}],"replies":[{"embeddable":true,"href":"https:\/\/www.radioluna.it\/news\/wp-json\/wp\/v2\/comments?post=152824"}],"version-history":[{"count":0,"href":"https:\/\/www.radioluna.it\/news\/wp-json\/wp\/v2\/posts\/152824\/revisions"}],"wp:featuredmedia":[{"embeddable":true,"href":"https:\/\/www.radioluna.it\/news\/wp-json\/wp\/v2\/media\/19158"}],"wp:attachment":[{"href":"https:\/\/www.radioluna.it\/news\/wp-json\/wp\/v2\/media?parent=152824"}],"wp:term":[{"taxonomy":"category","embeddable":true,"href":"https:\/\/www.radioluna.it\/news\/wp-json\/wp\/v2\/categories?post=152824"},{"taxonomy":"post_tag","embeddable":true,"href":"https:\/\/www.radioluna.it\/news\/wp-json\/wp\/v2\/tags?post=152824"}],"curies":[{"name":"wp","href":"https:\/\/api.w.org\/{rel}","templated":true}]}}