{"id":152929,"date":"2014-07-19T17:08:51","date_gmt":"2014-07-19T15:08:51","guid":{"rendered":"http:\/\/www.radioluna.it\/news\/?p=152929"},"modified":"2017-12-26T10:45:58","modified_gmt":"2017-12-26T09:45:58","slug":"incidente-sul-lavoro-nel-pub-si-ferisce-mentre-taglia-la-legna","status":"publish","type":"post","link":"https:\/\/www.radioluna.it\/news\/2014\/07\/incidente-sul-lavoro-nel-pub-si-ferisce-mentre-taglia-la-legna\/","title":{"rendered":"Incidente sul lavoro nel pub, si ferisce mentre taglia la legna"},"content":{"rendered":"<div id=\"fb-root\"><\/div>\n<div style=\"text-align: justify;\"><img loading=\"lazy\" decoding=\"async\" class=\"aligncenter size-thumbnail wp-image-101779\" src=\"http:\/\/www.radioluna.it\/news\/wp-content\/uploads\/2010\/03\/redazione-150x150.jpg\" alt=\"Ambulanza-118_16\" width=\"150\" height=\"150\" \/>LATINA- Il titolare di un pub-pizzeria di Latina di viale Le Corbusier \u00e8 rimasto gravemente ferito oggi a causa di un incidente sul lavoro avvenuto alle 13,30 nel capoluogo pontino. \u00a0M.P., queste le iniziali dell&#8217;uomo che ha 43 anni, stava tagliando la legna per il forno con un frullino e per cause tutte da accertare \u00e8 rimasto ferito alla gamba. Subito \u00e8 scattato l&#8217;allarme al 118 che ha inviato un&#8217;ambulanza, l&#8217;uomo \u00e8 stato trasportato al Goretti e sottoposto ad un delicatissimo intervento chirurgico, e rischia di perdere un \u00a0piede. La dinamica dell&#8217;incidente \u00e8 in fase di ricostruzione da parte dei carabinieri.<\/div>\n<div class=\"radio-posizionamento-telefono-in-articoli-dopo-il-contenuto-articolo radio-entity-placement\" id=\"radio-3269487360\"><div id=\"radio-2110399872\"><a href=\"https:\/\/www.simeoneceramiche.com\/\" aria-label=\"SIMEONE CERAMICHE GIF animata per radioluna_Tavola disegno 1 copia 2 (online-video-cutter.com)\"><img loading=\"lazy\" decoding=\"async\" src=\"https:\/\/www.radioluna.it\/news\/wp-content\/uploads\/2025\/05\/SIMEONE-CERAMICHE-GIF-animata-per-radioluna_Tavola-disegno-1-copia-2-online-video-cutter.com_.gif\" alt=\"\"  width=\"300\" height=\"250\"   \/><\/a><\/div><\/div>","protected":false},"excerpt":{"rendered":"<p>LATINA- Il titolare di un pub-pizzeria di Latina di viale Le Corbusier \u00e8 rimasto gravemente ferito oggi a causa di un incidente sul lavoro avvenuto alle 13,30 nel capoluogo pontino. \u00a0M.P., queste le iniziali dell&#8217;uomo che ha 43 anni, stava tagliando la legna per il forno con un frullino e per cause tutte da accertare [&hellip;]<\/p>\n","protected":false},"author":60,"featured_media":101779,"comment_status":"open","ping_status":"closed","sticky":false,"template":"","format":"standard","meta":{"footnotes":""},"categories":[7],"tags":[],"class_list":["post-152929","post","type-post","status-publish","format-standard","has-post-thumbnail","hentry","category-cronaca"],"_links":{"self":[{"href":"https:\/\/www.radioluna.it\/news\/wp-json\/wp\/v2\/posts\/152929","targetHints":{"allow":["GET"]}}],"collection":[{"href":"https:\/\/www.radioluna.it\/news\/wp-json\/wp\/v2\/posts"}],"about":[{"href":"https:\/\/www.radioluna.it\/news\/wp-json\/wp\/v2\/types\/post"}],"author":[{"embeddable":true,"href":"https:\/\/www.radioluna.it\/news\/wp-json\/wp\/v2\/users\/60"}],"replies":[{"embeddable":true,"href":"https:\/\/www.radioluna.it\/news\/wp-json\/wp\/v2\/comments?post=152929"}],"version-history":[{"count":0,"href":"https:\/\/www.radioluna.it\/news\/wp-json\/wp\/v2\/posts\/152929\/revisions"}],"wp:featuredmedia":[{"embeddable":true,"href":"https:\/\/www.radioluna.it\/news\/wp-json\/wp\/v2\/media\/101779"}],"wp:attachment":[{"href":"https:\/\/www.radioluna.it\/news\/wp-json\/wp\/v2\/media?parent=152929"}],"wp:term":[{"taxonomy":"category","embeddable":true,"href":"https:\/\/www.radioluna.it\/news\/wp-json\/wp\/v2\/categories?post=152929"},{"taxonomy":"post_tag","embeddable":true,"href":"https:\/\/www.radioluna.it\/news\/wp-json\/wp\/v2\/tags?post=152929"}],"curies":[{"name":"wp","href":"https:\/\/api.w.org\/{rel}","templated":true}]}}