{"id":153077,"date":"2014-07-23T17:59:30","date_gmt":"2014-07-23T15:59:30","guid":{"rendered":"http:\/\/www.radioluna.it\/news\/?p=153077"},"modified":"2014-07-24T08:31:34","modified_gmt":"2014-07-24T06:31:34","slug":"calcio-mercato-preso-il-terzino-angelo-e-il-centrale-dellafiore","status":"publish","type":"post","link":"https:\/\/www.radioluna.it\/news\/2014\/07\/calcio-mercato-preso-il-terzino-angelo-e-il-centrale-dellafiore\/","title":{"rendered":"Latina Calcio: presi il terzino Angelo e il centrale Dellafiore"},"content":{"rendered":"<div id=\"fb-root\"><\/div>\n<div id=\"attachment_153078\" style=\"width: 645px\" class=\"wp-caption aligncenter\"><img loading=\"lazy\" decoding=\"async\" aria-describedby=\"caption-attachment-153078\" class=\"size-thumbnail wp-image-153078\" src=\"http:\/\/www.radioluna.it\/news\/wp-content\/uploads\/2014\/07\/calcio-Angelo-635x695.jpg\" alt=\"Angelo Mariano De Almeida, esterno destro brasiliano classe 1981\" width=\"635\" height=\"695\" srcset=\"https:\/\/www.radioluna.it\/news\/wp-content\/uploads\/2014\/07\/calcio-Angelo-635x695.jpg 635w, https:\/\/www.radioluna.it\/news\/wp-content\/uploads\/2014\/07\/calcio-Angelo-274x300.jpg 274w, https:\/\/www.radioluna.it\/news\/wp-content\/uploads\/2014\/07\/calcio-Angelo-768x842.jpg 768w, https:\/\/www.radioluna.it\/news\/wp-content\/uploads\/2014\/07\/calcio-Angelo-500x548.jpg 500w, https:\/\/www.radioluna.it\/news\/wp-content\/uploads\/2014\/07\/calcio-Angelo-934x1024.jpg 934w, https:\/\/www.radioluna.it\/news\/wp-content\/uploads\/2014\/07\/calcio-Angelo-800x876.jpg 800w, https:\/\/www.radioluna.it\/news\/wp-content\/uploads\/2014\/07\/calcio-Angelo.jpg 1000w\" sizes=\"auto, (max-width: 635px) 100vw, 635px\" \/><p id=\"caption-attachment-153078\" class=\"wp-caption-text\">Angelo Mariano De Almeida, esterno destro brasiliano classe 1981<\/p><\/div>\n<p style=\"text-align: justify;\">LATINA &#8211; Calcio. Continua a crescere in quantit\u00e0 e, soprattutto, qualit\u00e0 la rosa del Latina. Dopo la firma di Valiani, oggi altri due ex Siena hanno scelto il progetto tecnico di Beretta e del club nerazzurro. Si tratta del terzino destro brasiliano Angelo, e del centrale difensivo italoargentino Paolo Dellafiore. Il primo \u00e8 un giocatore esperto e duttile, capace di giocare anche da centrocampista esterno. Il secondo viene da una lunga militanza tra i professionisti, con oltre 100 presenze in serie A, tra Torino, Treviso e Parma. I due difensori rafforzano ulteriormente una difesa molto ben assortita. Ora il diesse pontino Facci dar\u00e0 l&#8217;assalto al bomber Matteo Ardemagni, e cercher\u00e0 un regista che possa sostituire Viviani, nel cui futuro c&#8217;\u00e8 il Leeds.<\/p>\n<p style=\"text-align: justify;\">&#8220;Sono qui per scrivere la storia&#8221;, sono queste le prime parole del neoacquisto del Latina Francesco Valiani rilasciate al sito ufficiale del&#8217;Us Latina. &#8220;La societ\u00e0 mi ha fatto una grande impressione e per venire qui da voi ho scartato altre offerte da club blasonati di serie B, che puntano chiaramente al salto di categoria. Ho scelto Latina consapevole di arrivare in una societ\u00e0 che ha tanta voglia di scrivere la storia, che lavora con tanta passione, animata da un gran desiderio di emergere. So di arrivare in una piazza che ha tanto entusiasmo: dopo essere stata a mezz\u2019ora dalla serie A, ha tanta voglia di riprovarci e qui c\u2019\u00e8 tutto per disputare una grandissima stagione. Una cosa \u00e8 certa: la societ\u00e0 sta allestendo una rosa di spessore formata da giocatori esperti e giovani di ottima qualit\u00e0. Per quanto mi riguarda penso di poter finire qui. Non \u00e8 nel mio stile usare tante parole, preferisco sempre fare i fatti sul campo&#8221;. Francesco Valiani, originario di Pistoia, in carriera ha giocato oltre che con il club arancione dove \u00e8 diventato capitano nel 2005, anche con Bologna, Parma e Siena.<\/p>\n","protected":false},"excerpt":{"rendered":"<p>LATINA &#8211; Calcio. Continua a crescere in quantit\u00e0 e, soprattutto, qualit\u00e0 la rosa del Latina. Dopo la firma di Valiani, oggi altri due ex Siena hanno scelto il progetto tecnico di Beretta e del club nerazzurro. Si tratta del terzino destro brasiliano Angelo, e del centrale difensivo italoargentino Paolo Dellafiore. Il primo \u00e8 un giocatore [&hellip;]<\/p>\n","protected":false},"author":60,"featured_media":153078,"comment_status":"open","ping_status":"closed","sticky":false,"template":"","format":"standard","meta":{"footnotes":""},"categories":[7,17],"tags":[],"class_list":["post-153077","post","type-post","status-publish","format-standard","has-post-thumbnail","hentry","category-cronaca","category-sport"],"_links":{"self":[{"href":"https:\/\/www.radioluna.it\/news\/wp-json\/wp\/v2\/posts\/153077","targetHints":{"allow":["GET"]}}],"collection":[{"href":"https:\/\/www.radioluna.it\/news\/wp-json\/wp\/v2\/posts"}],"about":[{"href":"https:\/\/www.radioluna.it\/news\/wp-json\/wp\/v2\/types\/post"}],"author":[{"embeddable":true,"href":"https:\/\/www.radioluna.it\/news\/wp-json\/wp\/v2\/users\/60"}],"replies":[{"embeddable":true,"href":"https:\/\/www.radioluna.it\/news\/wp-json\/wp\/v2\/comments?post=153077"}],"version-history":[{"count":0,"href":"https:\/\/www.radioluna.it\/news\/wp-json\/wp\/v2\/posts\/153077\/revisions"}],"wp:featuredmedia":[{"embeddable":true,"href":"https:\/\/www.radioluna.it\/news\/wp-json\/wp\/v2\/media\/153078"}],"wp:attachment":[{"href":"https:\/\/www.radioluna.it\/news\/wp-json\/wp\/v2\/media?parent=153077"}],"wp:term":[{"taxonomy":"category","embeddable":true,"href":"https:\/\/www.radioluna.it\/news\/wp-json\/wp\/v2\/categories?post=153077"},{"taxonomy":"post_tag","embeddable":true,"href":"https:\/\/www.radioluna.it\/news\/wp-json\/wp\/v2\/tags?post=153077"}],"curies":[{"name":"wp","href":"https:\/\/api.w.org\/{rel}","templated":true}]}}