{"id":153083,"date":"2014-07-23T18:57:25","date_gmt":"2014-07-23T16:57:25","guid":{"rendered":"http:\/\/www.radioluna.it\/news\/?p=153083"},"modified":"2014-07-24T09:03:00","modified_gmt":"2014-07-24T07:03:00","slug":"i-dipendenti-della-camera-di-commercio-contro-lo-smantellamento-dellente","status":"publish","type":"post","link":"https:\/\/www.radioluna.it\/news\/2014\/07\/i-dipendenti-della-camera-di-commercio-contro-lo-smantellamento-dellente\/","title":{"rendered":"I dipendenti della Camera di Commercio contro lo smantellamento dell&#8217;ente"},"content":{"rendered":"<div id=\"fb-root\"><\/div>\n<p style=\"text-align: justify;\"><img loading=\"lazy\" decoding=\"async\" class=\"aligncenter size-thumbnail wp-image-153084\" src=\"http:\/\/www.radioluna.it\/news\/wp-content\/uploads\/2014\/07\/protesta-camera-commercio-635x357.jpg\" alt=\"protesta camera commercio\" width=\"635\" height=\"357\" srcset=\"https:\/\/www.radioluna.it\/news\/wp-content\/uploads\/2014\/07\/protesta-camera-commercio-635x357.jpg 635w, https:\/\/www.radioluna.it\/news\/wp-content\/uploads\/2014\/07\/protesta-camera-commercio-300x169.jpg 300w, https:\/\/www.radioluna.it\/news\/wp-content\/uploads\/2014\/07\/protesta-camera-commercio-768x432.jpg 768w, https:\/\/www.radioluna.it\/news\/wp-content\/uploads\/2014\/07\/protesta-camera-commercio-500x281.jpg 500w, https:\/\/www.radioluna.it\/news\/wp-content\/uploads\/2014\/07\/protesta-camera-commercio.jpg 800w\" sizes=\"auto, (max-width: 635px) 100vw, 635px\" \/><strong>LATINA<\/strong> &#8211;\u00a0In questi ultimi mesi, \u00a0il Governo Renzi sta portando avanti una rivisitazione della Pubblica Amministrazione che prevede una forma di smantellamento anche delle Camere di Commercio. &#8220;Nessuna contrariet\u00e0 nei confronti della \u201criforma\u201d e quindi del cambiamento. Anche l\u2019ente camerale necessita di essere rivisitato e migliorato. Non crediamo, per\u00f2, che si meriti di essere dismesso\u201d.\u00a0Questa \u00e8 in sintesi l\u2019opinione espressa in una nota sottoscritta dai dipendenti della Camera di Commercio di Latina, in occasione della Manifestazione, a piazza di Pietra, dei lavoratori delle Camere di commercio, Unioncamere e i sindacati Cgil Fp, Cisl Fp e Uil Fpl.<\/p>\n<p style=\"text-align: justify;\">\u201cRiteniamo sia necessario informare l\u2019opinione pubblica di quanto sta accadendo perch\u00e9 dietro a scelte populiste di apparente ottimizzazione della spesa pubblica, si possono celare ricadute importanti che vale la pena considerare a priori.\u00a0Le Camere di Commercio, senza dubbio, appaiono \u201cappetitose\u201d per il tesoretto che esse rappresentano. Si tratta per\u00f2 di risorse che non provengono dal cittadino-contribuente ma dal sistema della imprese.\u00a0Ogni impresa iscritta, in cambio di una serie di servizi, DEVE pagare un diritto annuale che ammonta mediamente a circa \u20ac 100,00.<br \/>\nCi rivolgiamo, pertanto, agli unici soggetti che sono in grado di valutare e quindi decretare se l\u2019Ente camerale \u00e8 utile oppure no:\u00a0invitiamo le imprese del nostro territorio a riflettere su cosa accadrebbe se venisse abolito il diritto annuale e, quindi, decretata la chiusura delle Camere di Commercio.\u00a0Oggi, in cambio della quota-media di circa \u20ac 100,00 il sistema delle imprese pu\u00f2 disporre, nel proprio territorio provinciale, di un ente che ha le seguenti caratteristiche: le Camere di Commercio sono \u201cvicine\u201d. La distanza alla quale ci riferiamo riguarda sia la prossimit\u00e0 al territorio di riferimento, sia la grande informatizzazione e la possibilit\u00e0 di accedere con un clik ai servizi e alle informazioni che la Camera eroga; sono \u201cveloci\u201d. La media dei tempi di attesa \u00e8 la migliore in assoluto rispetto alle altre Pubbliche Amministrazioni; sono \u201cinformate ed informatizzate\u201d. Il patrimonio dei dati a disposizione delle Camere di Commercio \u00e8 unico. Basti pensare al Registro delle Imprese, l\u2019archivio pi\u00f9 completo ed aggiornato della realt\u00e0 produttiva italiana, il cui funzionamento \u00e8 preso come modello da adottare nel resto d\u2019Europa. Forniscono inoltre, servizi di grande utilit\u00e0 come la \u201cverifica degli strumenti di misurazione\u201d a contrasto del pericolo di frodi (controllo delle pompe di benzina, dei contatori del gas e dell\u2019acqua, delle bilance degli esercizi commerciali), detengono il Registro informatico dei protesti, gestiscono lo Sportello di mediazione per la risoluzione stragiudiziale delle controversie (ben pi\u00f9 celere ed economica di quella ordinaria), forniscono consulenza su bandi e finanziamenti di progetti comunitari e su quelli d\u2019innovazione tecnologica, vigilano sulla sicurezza dei prodotti, la tutela del Made in Italy e svolgono attivit\u00e0 in materia di lotta alla contraffazione dei prodotti. \u00a0Ma soprattutto investono le risorse in entrata a favore della promozione del territorio di competenza. Anche noi \u2013 continuano i dipendenti camerali &#8211; siamo d\u2019accordo con il Governo Renzi che sia necessario trovare formule di risparmio a favore delle imprese, soprattutto in questo momento congiunturale particolarmente difficile, ma con interventi semplici, mirati, dagli effetti benefici sia in campo economico che etico, quali per esempio la riduzione dei diritti di segreteria, l\u2019abolizione delle tasse di concessione governativa, l\u2019eliminazione delle imposte di bollo\u201d.<\/p>\n","protected":false},"excerpt":{"rendered":"<p>LATINA &#8211;\u00a0In questi ultimi mesi, \u00a0il Governo Renzi sta portando avanti una rivisitazione della Pubblica Amministrazione che prevede una forma di smantellamento anche delle Camere di Commercio. &#8220;Nessuna contrariet\u00e0 nei confronti della \u201criforma\u201d e quindi del cambiamento. Anche l\u2019ente camerale necessita di essere rivisitato e migliorato. Non crediamo, per\u00f2, che si meriti di essere dismesso\u201d.\u00a0Questa [&hellip;]<\/p>\n","protected":false},"author":60,"featured_media":153084,"comment_status":"open","ping_status":"closed","sticky":false,"template":"","format":"standard","meta":{"footnotes":""},"categories":[7,11],"tags":[],"class_list":["post-153083","post","type-post","status-publish","format-standard","has-post-thumbnail","hentry","category-cronaca","category-economia"],"_links":{"self":[{"href":"https:\/\/www.radioluna.it\/news\/wp-json\/wp\/v2\/posts\/153083","targetHints":{"allow":["GET"]}}],"collection":[{"href":"https:\/\/www.radioluna.it\/news\/wp-json\/wp\/v2\/posts"}],"about":[{"href":"https:\/\/www.radioluna.it\/news\/wp-json\/wp\/v2\/types\/post"}],"author":[{"embeddable":true,"href":"https:\/\/www.radioluna.it\/news\/wp-json\/wp\/v2\/users\/60"}],"replies":[{"embeddable":true,"href":"https:\/\/www.radioluna.it\/news\/wp-json\/wp\/v2\/comments?post=153083"}],"version-history":[{"count":0,"href":"https:\/\/www.radioluna.it\/news\/wp-json\/wp\/v2\/posts\/153083\/revisions"}],"wp:featuredmedia":[{"embeddable":true,"href":"https:\/\/www.radioluna.it\/news\/wp-json\/wp\/v2\/media\/153084"}],"wp:attachment":[{"href":"https:\/\/www.radioluna.it\/news\/wp-json\/wp\/v2\/media?parent=153083"}],"wp:term":[{"taxonomy":"category","embeddable":true,"href":"https:\/\/www.radioluna.it\/news\/wp-json\/wp\/v2\/categories?post=153083"},{"taxonomy":"post_tag","embeddable":true,"href":"https:\/\/www.radioluna.it\/news\/wp-json\/wp\/v2\/tags?post=153083"}],"curies":[{"name":"wp","href":"https:\/\/api.w.org\/{rel}","templated":true}]}}