{"id":153086,"date":"2014-07-23T19:22:11","date_gmt":"2014-07-23T17:22:11","guid":{"rendered":"http:\/\/www.radioluna.it\/news\/?p=153086"},"modified":"2014-07-23T19:22:11","modified_gmt":"2014-07-23T17:22:11","slug":"latina-in-bicicletta-propone-un-nuovo-regolamento","status":"publish","type":"post","link":"https:\/\/www.radioluna.it\/news\/2014\/07\/latina-in-bicicletta-propone-un-nuovo-regolamento\/","title":{"rendered":"Latina in Bicicletta propone un nuovo regolamento"},"content":{"rendered":"<div id=\"fb-root\"><\/div>\n<p style=\"text-align: justify;\"><img loading=\"lazy\" decoding=\"async\" class=\"aligncenter size-thumbnail wp-image-153087\" src=\"http:\/\/www.radioluna.it\/news\/wp-content\/uploads\/2014\/07\/Consegna_lettera-istanza-635x352.jpg\" alt=\"Consegna_lettera-istanza\" width=\"635\" height=\"352\" srcset=\"https:\/\/www.radioluna.it\/news\/wp-content\/uploads\/2014\/07\/Consegna_lettera-istanza-635x352.jpg 635w, https:\/\/www.radioluna.it\/news\/wp-content\/uploads\/2014\/07\/Consegna_lettera-istanza-300x167.jpg 300w, https:\/\/www.radioluna.it\/news\/wp-content\/uploads\/2014\/07\/Consegna_lettera-istanza-768x426.jpg 768w, https:\/\/www.radioluna.it\/news\/wp-content\/uploads\/2014\/07\/Consegna_lettera-istanza-500x278.jpg 500w, https:\/\/www.radioluna.it\/news\/wp-content\/uploads\/2014\/07\/Consegna_lettera-istanza-1024x568.jpg 1024w, https:\/\/www.radioluna.it\/news\/wp-content\/uploads\/2014\/07\/Consegna_lettera-istanza-800x444.jpg 800w, https:\/\/www.radioluna.it\/news\/wp-content\/uploads\/2014\/07\/Consegna_lettera-istanza.jpg 1000w\" sizes=\"auto, (max-width: 635px) 100vw, 635px\" \/><\/p>\n<p style=\"text-align: justify;\">LATINA &#8211; Il movimento Latina in Bicicletta propone ai rappresentanti dell&#8217;amministrazione pontina l\u2019adozione di un regolamento volto alla diffusione della mobilit\u00e0 su bicicletta.<\/p>\n<p style=\"text-align: justify;\">&#8220;Cos\u00ec come avvenuto in altre citt\u00e0 d\u2019Italia chiediamo che anche il Comune di Latina promulghi, sotto forma di regolamento &#8211; spiega Dario Bellini, sostenitore del movimento &#8211; un articolo che obblighi le amministrazioni condominiali della citt\u00e0 ad individuare negli spazi di pertinenza un\u2019area da dedicare al parcheggio delle biciclette. E\u2019 una semplice norma, in grado di rovesciare, laddove ancora vige, la norma oramai vetusta che vieta l\u2019introduzione dei cicli negli spazi condominiali. Sono molte le persone che hanno difficolt\u00e0 a utilizzare la bicicletta con costanza proprio perch\u00e9 \u00a0non ci sono spazi per poterla parcheggiare. Ovviamente il regolamento deve prevedere anche delle ammende per chi non lo rispetta con sanzioni amministrative che, prendendo ad esempio il Comune di Milano, vanno da un minimo di 50 euro ad un massimo di 150 euro&#8221;.<\/p>\n","protected":false},"excerpt":{"rendered":"<p>LATINA &#8211; Il movimento Latina in Bicicletta propone ai rappresentanti dell&#8217;amministrazione pontina l\u2019adozione di un regolamento volto alla diffusione della mobilit\u00e0 su bicicletta. &#8220;Cos\u00ec come avvenuto in altre citt\u00e0 d\u2019Italia chiediamo che anche il Comune di Latina promulghi, sotto forma di regolamento &#8211; spiega Dario Bellini, sostenitore del movimento &#8211; un articolo che obblighi le [&hellip;]<\/p>\n","protected":false},"author":60,"featured_media":153087,"comment_status":"open","ping_status":"closed","sticky":false,"template":"","format":"standard","meta":{"footnotes":""},"categories":[7],"tags":[],"class_list":["post-153086","post","type-post","status-publish","format-standard","has-post-thumbnail","hentry","category-cronaca"],"_links":{"self":[{"href":"https:\/\/www.radioluna.it\/news\/wp-json\/wp\/v2\/posts\/153086","targetHints":{"allow":["GET"]}}],"collection":[{"href":"https:\/\/www.radioluna.it\/news\/wp-json\/wp\/v2\/posts"}],"about":[{"href":"https:\/\/www.radioluna.it\/news\/wp-json\/wp\/v2\/types\/post"}],"author":[{"embeddable":true,"href":"https:\/\/www.radioluna.it\/news\/wp-json\/wp\/v2\/users\/60"}],"replies":[{"embeddable":true,"href":"https:\/\/www.radioluna.it\/news\/wp-json\/wp\/v2\/comments?post=153086"}],"version-history":[{"count":0,"href":"https:\/\/www.radioluna.it\/news\/wp-json\/wp\/v2\/posts\/153086\/revisions"}],"wp:featuredmedia":[{"embeddable":true,"href":"https:\/\/www.radioluna.it\/news\/wp-json\/wp\/v2\/media\/153087"}],"wp:attachment":[{"href":"https:\/\/www.radioluna.it\/news\/wp-json\/wp\/v2\/media?parent=153086"}],"wp:term":[{"taxonomy":"category","embeddable":true,"href":"https:\/\/www.radioluna.it\/news\/wp-json\/wp\/v2\/categories?post=153086"},{"taxonomy":"post_tag","embeddable":true,"href":"https:\/\/www.radioluna.it\/news\/wp-json\/wp\/v2\/tags?post=153086"}],"curies":[{"name":"wp","href":"https:\/\/api.w.org\/{rel}","templated":true}]}}