{"id":153088,"date":"2014-07-23T19:25:53","date_gmt":"2014-07-23T17:25:53","guid":{"rendered":"http:\/\/www.radioluna.it\/news\/?p=153088"},"modified":"2014-07-23T19:25:53","modified_gmt":"2014-07-23T17:25:53","slug":"coldiretti-latina-nardone-presidente-e-rossato-vice-in-aprozol","status":"publish","type":"post","link":"https:\/\/www.radioluna.it\/news\/2014\/07\/coldiretti-latina-nardone-presidente-e-rossato-vice-in-aprozol\/","title":{"rendered":"Coldiretti Latina: Nardone presidente e Rossato vice in Aprozol"},"content":{"rendered":"<div id=\"fb-root\"><\/div>\n<p style=\"text-align: justify;\"><img loading=\"lazy\" decoding=\"async\" class=\"aligncenter size-thumbnail wp-image-153089\" src=\"http:\/\/www.radioluna.it\/news\/wp-content\/uploads\/2014\/07\/ROSSATO_NARDONE-635x978.jpg\" alt=\"ROSSATO_NARDONE\" width=\"635\" height=\"978\" srcset=\"https:\/\/www.radioluna.it\/news\/wp-content\/uploads\/2014\/07\/ROSSATO_NARDONE-635x978.jpg 635w, https:\/\/www.radioluna.it\/news\/wp-content\/uploads\/2014\/07\/ROSSATO_NARDONE-195x300.jpg 195w, https:\/\/www.radioluna.it\/news\/wp-content\/uploads\/2014\/07\/ROSSATO_NARDONE-768x1184.jpg 768w, https:\/\/www.radioluna.it\/news\/wp-content\/uploads\/2014\/07\/ROSSATO_NARDONE-500x771.jpg 500w, https:\/\/www.radioluna.it\/news\/wp-content\/uploads\/2014\/07\/ROSSATO_NARDONE-664x1024.jpg 664w, https:\/\/www.radioluna.it\/news\/wp-content\/uploads\/2014\/07\/ROSSATO_NARDONE-800x1233.jpg 800w, https:\/\/www.radioluna.it\/news\/wp-content\/uploads\/2014\/07\/ROSSATO_NARDONE.jpg 1000w\" sizes=\"auto, (max-width: 635px) 100vw, 635px\" \/>LATINA &#8211; Antonio Nardone (Presidente) e Fabio Rossato (Vice Presidente), sono stati eletti ai vertici di Aprozol, la pi\u00f9 importante realt\u00e0 del settore lattiero caseario di Latina e tra le pi\u00f9 importanti del centro Italia. Due giovani, due allevatori che, sulla propria pelle, quotidianamente, misurano i disagi del settore e si confrontano con la base associativa .Due persone pragmatiche \u2013 come le hanno definitive il presidente ed il direttore di Coldiretti Latina Carlo Crocetti e Saverio Viola \u2013 che seguono da vicino il settore. Un comparto \u2013 hanno aggiunto i dirigenti Coldiretti \u2013 purtroppo in difficolt\u00e0 per le risapute vicende legate anche al rinnovo del prezzo alla stalla con gli imprenditori, da tempo, senza una concreta possibilit\u00e0 di programmazione delle attivit\u00e0 a causa delle incertezze del mercato, delle avversit\u00e0 atmosferiche e in relazione al prezzo che per ogni litro di latte conferito in media non garantisce neppure 20 centesimi per litro agli allevatori. L\u2019 APROZOL \u00e8 una cooperativa che associa la maggior parte (oltre 450) delle aziende zootecniche bovine provinciali, e, come ribadito da Nardone e Rossato, far\u00e0 tutto quanto nelle proprie possibilit\u00e0, per il riconoscimento sul territorio di un giusto prezzo alla stalla per il latte bovino continuando e se possibile rafforzando il ruolo di raccolta e commercializzazione del latte per conto dei soci mirando alla stipula di contratti coerenti in questa direzione. Per \u2018giusto prezzo\u2019 \u2013 hanno sottolineato \u2013 si intende un livello di prezzo in grado di compensare i crescenti costi di produzione che si sono verificati negli ultimi mesi nel settore zootecnico per quanto riguarda l\u2019acquisto dei concimi e dei mangimi aziendali e del gasolio agricolo. Un giusto prezzo che possa evitare il serio rischio di chiusura della maggior parte delle stalle con conseguente consecutiva entrata in crisi e chiusura di tutte quelle \u2018vere cooperative\u2019 zootecniche che ritirano, lavorano e commercializzano solo latte locale e di certa provenienza. Per tutelare il reddito degli allevatori Coldiretti Lazio \u2013 ha ricordato Viola \u2013 ha scritto nuovamente ai vertici della Regione Lazio al fine di ottenere risposte dopo che nei mesi scorsi al primo appello si era registrato un assordante silenzio che preoccupa non poco e mette a rischio il permanere sul territorio di filiere lattiero-casearie che valorizzano come Aprozol il patrimonio lattiero caseario italiano nell\u2019interesse anche dei cittadini consumatori.<\/p>\n","protected":false},"excerpt":{"rendered":"<p>LATINA &#8211; Antonio Nardone (Presidente) e Fabio Rossato (Vice Presidente), sono stati eletti ai vertici di Aprozol, la pi\u00f9 importante realt\u00e0 del settore lattiero caseario di Latina e tra le pi\u00f9 importanti del centro Italia. Due giovani, due allevatori che, sulla propria pelle, quotidianamente, misurano i disagi del settore e si confrontano con la base [&hellip;]<\/p>\n","protected":false},"author":60,"featured_media":153089,"comment_status":"open","ping_status":"closed","sticky":false,"template":"","format":"standard","meta":{"footnotes":""},"categories":[7,11],"tags":[],"class_list":["post-153088","post","type-post","status-publish","format-standard","has-post-thumbnail","hentry","category-cronaca","category-economia"],"_links":{"self":[{"href":"https:\/\/www.radioluna.it\/news\/wp-json\/wp\/v2\/posts\/153088","targetHints":{"allow":["GET"]}}],"collection":[{"href":"https:\/\/www.radioluna.it\/news\/wp-json\/wp\/v2\/posts"}],"about":[{"href":"https:\/\/www.radioluna.it\/news\/wp-json\/wp\/v2\/types\/post"}],"author":[{"embeddable":true,"href":"https:\/\/www.radioluna.it\/news\/wp-json\/wp\/v2\/users\/60"}],"replies":[{"embeddable":true,"href":"https:\/\/www.radioluna.it\/news\/wp-json\/wp\/v2\/comments?post=153088"}],"version-history":[{"count":0,"href":"https:\/\/www.radioluna.it\/news\/wp-json\/wp\/v2\/posts\/153088\/revisions"}],"wp:featuredmedia":[{"embeddable":true,"href":"https:\/\/www.radioluna.it\/news\/wp-json\/wp\/v2\/media\/153089"}],"wp:attachment":[{"href":"https:\/\/www.radioluna.it\/news\/wp-json\/wp\/v2\/media?parent=153088"}],"wp:term":[{"taxonomy":"category","embeddable":true,"href":"https:\/\/www.radioluna.it\/news\/wp-json\/wp\/v2\/categories?post=153088"},{"taxonomy":"post_tag","embeddable":true,"href":"https:\/\/www.radioluna.it\/news\/wp-json\/wp\/v2\/tags?post=153088"}],"curies":[{"name":"wp","href":"https:\/\/api.w.org\/{rel}","templated":true}]}}