{"id":153134,"date":"2014-07-28T17:21:07","date_gmt":"2014-07-28T15:21:07","guid":{"rendered":"http:\/\/www.radioluna.it\/news\/?p=153134"},"modified":"2014-07-29T09:30:48","modified_gmt":"2014-07-29T07:30:48","slug":"festival-di-villa-fogliano-al-via-la-20esima-edizione","status":"publish","type":"post","link":"https:\/\/www.radioluna.it\/news\/2014\/07\/festival-di-villa-fogliano-al-via-la-20esima-edizione\/","title":{"rendered":"Festival di Villa Fogliano, ventennale con Nada"},"content":{"rendered":"<div id=\"fb-root\"><\/div>\n<div id=\"attachment_27708\" style=\"width: 610px\" class=\"wp-caption aligncenter\"><img loading=\"lazy\" decoding=\"async\" aria-describedby=\"caption-attachment-27708\" class=\"wp-image-27708 size-full\" src=\"http:\/\/www.radioluna.it\/news\/wp-content\/uploads\/2010\/10\/Fogliano.jpg\" alt=\"Fogliano\" width=\"600\" height=\"365\" srcset=\"https:\/\/www.radioluna.it\/news\/wp-content\/uploads\/2010\/10\/Fogliano.jpg 600w, https:\/\/www.radioluna.it\/news\/wp-content\/uploads\/2010\/10\/Fogliano-300x182.jpg 300w, https:\/\/www.radioluna.it\/news\/wp-content\/uploads\/2010\/10\/Fogliano-500x304.jpg 500w\" sizes=\"auto, (max-width: 600px) 100vw, 600px\" \/><p id=\"caption-attachment-27708\" class=\"wp-caption-text\">Fogliano<\/p><\/div>\n<p><strong>LATINA<\/strong> &#8211; Un progetto di riqualificazione dell&#8217;antico borgo, arte, musica e teatro. Sono gli ingredienti del Festival di Villa Fogliano, giunto alla sua ventesima edizione, che avr\u00e0 inizio mercoled\u00ec 30 luglio e terminer\u00e0 domenica 3 agosto. Un calendario ricco di appuntamenti volto a valorizzare le ricchezze culturali del territorio provinciale.<\/p>\n<p style=\"text-align: justify;\">\u201cSono venti anni che abbiamo preso in carico Villa Fogliano\u201d ha sottolineato l\u2019organizzatore, il presidente dell\u2019Associazione Villaggio Fogliano Nazzareno Ranaldi \u201cmettendoci dentro due idee: la cultura e l\u2019ambiente, lavorando ininterrottamente con passione e dedizione. Ci siamo mossi nell\u2019intento di far incontrare il meglio delle produzioni locali, artistiche, culturali e sociali, con esperienze di livello nazionale ed internazionale.\u00a0Fogliano ha rappresentato &#8211; ha proseguito Ranaldi &#8211; il luogo del futuro, della progettualit\u00e0, della creativit\u00e0, dello scontro tra le ambizioni e la realt\u00e0, con i suoi limiti e le sue contraddizioni. \u2028Questo \u00e8 stato per noi il compromesso necessario per contribuire alla crescita della comunit\u00e0: \u2028il prenderci cura di un pezzo di territorio. I venti anni trascorsi dicono quante cose ci sono ancora da fare, quanto siamo indietro con la risistemazione della Villa \u2028e del giardino, e che \u00e8 giunto il momento che l\u2019intera comunit\u00e0 prenda l\u2019impegno di restaurare\u2028il Borgo di Fogliano e lo consegni, in tutto il suo splendore, come modello di nuovo sviluppo per\u2028il territorio\u201d.<\/p>\n<p style=\"text-align: justify;\">Un nuovo progetto di riqualificazione del borgo di Fogliano, sar\u00e0 presentato dall\u2019architetto Raponi il 30 luglio alle 18 e raccontato alle autorit\u00e0 locali in un convegno sabato 2 agosto alle 10.30. Tra gli eventi pi\u00f9 rilevanti in programma, la prima assoluta della nuova produzione teatrale promossa proprio dall\u2019Associazione Villaggio Fogliano, \u201cIl Giardino delle Mangrovie\u201d.\u00a0Scritto da Renato Gabriele, lo spettacolo vede la regia di Danilo Proia e l\u2019interpretazione di Elisabetta Femiano e Emanuele Vezzoli. I costumi sono di Liliana Raimondi. L\u2019atteso appuntamento \u00e8 per sabato 2 agosto alle ore 21.30 sotto le stelle di Fogliano.\u00a0Il concerto \u201cOccupo poco spazio\u201d di Nada, domenica 3 agosto alle ore 21.30 chiuder\u00e0 il Festival.<\/p>\n<p>&nbsp;<\/p>\n","protected":false},"excerpt":{"rendered":"<p>LATINA &#8211; Un progetto di riqualificazione dell&#8217;antico borgo, arte, musica e teatro. Sono gli ingredienti del Festival di Villa Fogliano, giunto alla sua ventesima edizione, che avr\u00e0 inizio mercoled\u00ec 30 luglio e terminer\u00e0 domenica 3 agosto. Un calendario ricco di appuntamenti volto a valorizzare le ricchezze culturali del territorio provinciale. \u201cSono venti anni che abbiamo [&hellip;]<\/p>\n","protected":false},"author":60,"featured_media":27708,"comment_status":"open","ping_status":"closed","sticky":false,"template":"","format":"standard","meta":{"footnotes":""},"categories":[16,15],"tags":[],"class_list":["post-153134","post","type-post","status-publish","format-standard","has-post-thumbnail","hentry","category-appuntamenti","category-cultura"],"_links":{"self":[{"href":"https:\/\/www.radioluna.it\/news\/wp-json\/wp\/v2\/posts\/153134","targetHints":{"allow":["GET"]}}],"collection":[{"href":"https:\/\/www.radioluna.it\/news\/wp-json\/wp\/v2\/posts"}],"about":[{"href":"https:\/\/www.radioluna.it\/news\/wp-json\/wp\/v2\/types\/post"}],"author":[{"embeddable":true,"href":"https:\/\/www.radioluna.it\/news\/wp-json\/wp\/v2\/users\/60"}],"replies":[{"embeddable":true,"href":"https:\/\/www.radioluna.it\/news\/wp-json\/wp\/v2\/comments?post=153134"}],"version-history":[{"count":0,"href":"https:\/\/www.radioluna.it\/news\/wp-json\/wp\/v2\/posts\/153134\/revisions"}],"wp:featuredmedia":[{"embeddable":true,"href":"https:\/\/www.radioluna.it\/news\/wp-json\/wp\/v2\/media\/27708"}],"wp:attachment":[{"href":"https:\/\/www.radioluna.it\/news\/wp-json\/wp\/v2\/media?parent=153134"}],"wp:term":[{"taxonomy":"category","embeddable":true,"href":"https:\/\/www.radioluna.it\/news\/wp-json\/wp\/v2\/categories?post=153134"},{"taxonomy":"post_tag","embeddable":true,"href":"https:\/\/www.radioluna.it\/news\/wp-json\/wp\/v2\/tags?post=153134"}],"curies":[{"name":"wp","href":"https:\/\/api.w.org\/{rel}","templated":true}]}}