{"id":153186,"date":"2014-07-25T17:00:17","date_gmt":"2014-07-25T15:00:17","guid":{"rendered":"http:\/\/www.radioluna.it\/news\/?p=153186"},"modified":"2014-07-25T17:32:43","modified_gmt":"2014-07-25T15:32:43","slug":"ormeggi-abusivi-a-ventotene-arrestati-tre-imprenditori","status":"publish","type":"post","link":"https:\/\/www.radioluna.it\/news\/2014\/07\/ormeggi-abusivi-a-ventotene-arrestati-tre-imprenditori\/","title":{"rendered":"Ormeggi abusivi a Ventotene: denunciati tre imprenditori"},"content":{"rendered":"<div id=\"fb-root\"><\/div>\n<div id=\"attachment_108776\" style=\"width: 160px\" class=\"wp-caption alignleft\"><img loading=\"lazy\" decoding=\"async\" aria-describedby=\"caption-attachment-108776\" class=\"wp-image-108776 size-thumbnail\" src=\"http:\/\/www.radioluna.it\/news\/wp-content\/uploads\/2011\/08\/Ventotene-Rada-Porto-Nuovo-150x150.jpg\" alt=\"la rada del Porto Nuovo di Ventotene\" width=\"150\" height=\"150\" srcset=\"https:\/\/www.radioluna.it\/news\/wp-content\/uploads\/2011\/08\/Ventotene-Rada-Porto-Nuovo-150x150.jpg 150w, https:\/\/www.radioluna.it\/news\/wp-content\/uploads\/2011\/08\/Ventotene-Rada-Porto-Nuovo-300x300.jpg 300w, https:\/\/www.radioluna.it\/news\/wp-content\/uploads\/2011\/08\/Ventotene-Rada-Porto-Nuovo-50x50.jpg 50w, https:\/\/www.radioluna.it\/news\/wp-content\/uploads\/2011\/08\/Ventotene-Rada-Porto-Nuovo-80x80.jpg 80w\" sizes=\"auto, (max-width: 150px) 100vw, 150px\" \/><p id=\"caption-attachment-108776\" class=\"wp-caption-text\">la rada del Porto Nuovo di Ventotene<\/p><\/div>\n<p style=\"text-align: justify;\">VENTOTENE &#8211; Ormeggi abusivi nel porto romano di Ventotene. Questa mattina i carabinieri dell\u2019isola, insieme al personale della Guardia di Finanza di Mare e della Capitaneria di Porto, hanno denunciato tre imprenditori per l\u2019occupazione di spazio demaniale senza apposita concessione. Si tratta di un 38enne, deferito per aver occupato abusivamente 328 mq di specchio acqueo nel porto romano per l&#8217;ormeggio di 36 imbarcazioni da diporto utilizzate per locazione a terzi; un 44enne, per aver occupato abusivamente 30 mq di acqua con\u00a02 unit\u00e0 da diporto utilizzate per attivit\u00e0 di trasporto sub e appoggio ad attivit\u00e0 di immersioni, e una 43enne, per aver lo stesso reato, ha occupato un&#8217;area di 14 mq con una imbarcazione da traffico utilizzata per attivit\u00e0 di trasporto sub e appoggio ad attivit\u00e0 di immersioni. I tre, proprietari di Societ\u00e0 da Diporto del luogo, sono ritenuti responsabili del reato di \u201cabusiva occupazione di spazio demaniale\u201d.<\/p>\n<div class=\"radio-posizionamento-telefono-in-articoli-dopo-il-contenuto-articolo radio-entity-placement\" id=\"radio-3395058048\"><div id=\"radio-1336541582\"><a href=\"https:\/\/grupporedi.it\/\" aria-label=\"Redi-Qr\"><img loading=\"lazy\" decoding=\"async\" src=\"https:\/\/www.radioluna.it\/news\/wp-content\/uploads\/2026\/03\/Redi-Qr.jpg\" alt=\"\"  srcset=\"https:\/\/www.radioluna.it\/news\/wp-content\/uploads\/2026\/03\/Redi-Qr.jpg 800w, https:\/\/www.radioluna.it\/news\/wp-content\/uploads\/2026\/03\/Redi-Qr-768x639.jpg 768w\" sizes=\"(max-width: 800px) 100vw, 800px\" width=\"300\" height=\"250\"   \/><\/a><\/div><\/div>","protected":false},"excerpt":{"rendered":"<p>VENTOTENE &#8211; Ormeggi abusivi nel porto romano di Ventotene. Questa mattina i carabinieri dell\u2019isola, insieme al personale della Guardia di Finanza di Mare e della Capitaneria di Porto, hanno denunciato tre imprenditori per l\u2019occupazione di spazio demaniale senza apposita concessione. Si tratta di un 38enne, deferito per aver occupato abusivamente 328 mq di specchio acqueo [&hellip;]<\/p>\n","protected":false},"author":60,"featured_media":108776,"comment_status":"open","ping_status":"closed","sticky":false,"template":"","format":"standard","meta":{"footnotes":""},"categories":[7],"tags":[],"class_list":["post-153186","post","type-post","status-publish","format-standard","has-post-thumbnail","hentry","category-cronaca"],"_links":{"self":[{"href":"https:\/\/www.radioluna.it\/news\/wp-json\/wp\/v2\/posts\/153186","targetHints":{"allow":["GET"]}}],"collection":[{"href":"https:\/\/www.radioluna.it\/news\/wp-json\/wp\/v2\/posts"}],"about":[{"href":"https:\/\/www.radioluna.it\/news\/wp-json\/wp\/v2\/types\/post"}],"author":[{"embeddable":true,"href":"https:\/\/www.radioluna.it\/news\/wp-json\/wp\/v2\/users\/60"}],"replies":[{"embeddable":true,"href":"https:\/\/www.radioluna.it\/news\/wp-json\/wp\/v2\/comments?post=153186"}],"version-history":[{"count":0,"href":"https:\/\/www.radioluna.it\/news\/wp-json\/wp\/v2\/posts\/153186\/revisions"}],"wp:featuredmedia":[{"embeddable":true,"href":"https:\/\/www.radioluna.it\/news\/wp-json\/wp\/v2\/media\/108776"}],"wp:attachment":[{"href":"https:\/\/www.radioluna.it\/news\/wp-json\/wp\/v2\/media?parent=153186"}],"wp:term":[{"taxonomy":"category","embeddable":true,"href":"https:\/\/www.radioluna.it\/news\/wp-json\/wp\/v2\/categories?post=153186"},{"taxonomy":"post_tag","embeddable":true,"href":"https:\/\/www.radioluna.it\/news\/wp-json\/wp\/v2\/tags?post=153186"}],"curies":[{"name":"wp","href":"https:\/\/api.w.org\/{rel}","templated":true}]}}