{"id":153217,"date":"2014-07-26T12:31:51","date_gmt":"2014-07-26T10:31:51","guid":{"rendered":"http:\/\/www.radioluna.it\/news\/?p=153217"},"modified":"2014-07-26T12:31:51","modified_gmt":"2014-07-26T10:31:51","slug":"serata-mondiale-del-folklore-a-sermoneta","status":"publish","type":"post","link":"https:\/\/www.radioluna.it\/news\/2014\/07\/serata-mondiale-del-folklore-a-sermoneta\/","title":{"rendered":"Serata mondiale del folklore a Sermoneta"},"content":{"rendered":"<div id=\"fb-root\"><\/div>\n<p style=\"text-align: justify;\"><img loading=\"lazy\" decoding=\"async\" class=\"aligncenter size-thumbnail wp-image-153218\" src=\"http:\/\/www.radioluna.it\/news\/wp-content\/uploads\/2014\/07\/messico-635x409.jpg\" alt=\"messico\" width=\"635\" height=\"409\" srcset=\"https:\/\/www.radioluna.it\/news\/wp-content\/uploads\/2014\/07\/messico-635x409.jpg 635w, https:\/\/www.radioluna.it\/news\/wp-content\/uploads\/2014\/07\/messico-500x322.jpg 500w, https:\/\/www.radioluna.it\/news\/wp-content\/uploads\/2014\/07\/messico-300x193.jpg 300w, https:\/\/www.radioluna.it\/news\/wp-content\/uploads\/2014\/07\/messico.jpg 653w\" sizes=\"auto, (max-width: 635px) 100vw, 635px\" \/>SERMONETA \u00a0&#8211; Arriva per Sermoneta l&#8217;attesa Serata mondiale del folklore. Mercoled\u00ec 30 luglio il Castello Caetani far\u00e0 da palcoscenico ad un prestigiosissimo appuntamento \u2013 ad ingresso gratuito \u2013 nell\u2019ambito del Latium World Folkloric Festival. I gruppi folk provenienti da Stati Uniti, Sud Africa e Messico si esibiranno in Piazza D\u2019Armi dopo aver sfilato per le vie del centro storico. Una volta raggiunto il Castello, alle 21.30, si dar\u00e0 il via all\u2019evento vero e proprio. Abiti colorati, visi sorridenti, ritmi frenetici e coinvolgenti, coreografie spettacolari che si rincorrono tra balli di gruppo e vere e proprie acrobazie dei solisti: sono questi gli ingredienti di una serata che si annuncia avvincente. L&#8217;ingresso \u00e8 gratuito.<\/p>\n<p style=\"text-align: justify;\">Sul palco salir\u00e0 il suggestivo gruppo \u201cUmuzi Wenkosi Zulu Folklore Dance Ensemble\u201d della Citt\u00e0 di Estcourt, in Sud Africa. A seguire toccher\u00e0 alla Compagnia di danza irlandese \u201cTrinity\u201d di Chicago, negli Stati Uniti d\u2019America. Concluder\u00e0 la Compa\u00f1\u00eda de Danza Folkl\u00f3rica \u201cTenochtitl\u00e1n\u201d del Messico con balli, danze e ritmi pi\u00f9 rappresentativi del Messico e dell\u2019America Latina.<\/p>\n<p style=\"text-align: justify;\">&#8220;Per Sermoneta \u00e8 un onore tornare ad ospitare per il quarto anno consecutivo una serata del Latium World Folkloric Festival, sostenuto dal CIOFF (Conseil International des Organisations de Festivals de Folklore et d\u00b4Arts Traditionnels). Attraverso questa serata del Festival Sermoneta d\u00e0 un vero contributo al processo di integrazione tra i popoli\u201d, spiegano il Sindaco di Sermoneta Claudio Damiano e l&#8217;Assessore al turismo Luigi Torelli.<\/p>\n<p>&nbsp;<\/p>\n","protected":false},"excerpt":{"rendered":"<p>SERMONETA \u00a0&#8211; Arriva per Sermoneta l&#8217;attesa Serata mondiale del folklore. Mercoled\u00ec 30 luglio il Castello Caetani far\u00e0 da palcoscenico ad un prestigiosissimo appuntamento \u2013 ad ingresso gratuito \u2013 nell\u2019ambito del Latium World Folkloric Festival. I gruppi folk provenienti da Stati Uniti, Sud Africa e Messico si esibiranno in Piazza D\u2019Armi dopo aver sfilato per le [&hellip;]<\/p>\n","protected":false},"author":60,"featured_media":153218,"comment_status":"open","ping_status":"closed","sticky":false,"template":"","format":"standard","meta":{"footnotes":""},"categories":[16],"tags":[],"class_list":["post-153217","post","type-post","status-publish","format-standard","has-post-thumbnail","hentry","category-appuntamenti"],"_links":{"self":[{"href":"https:\/\/www.radioluna.it\/news\/wp-json\/wp\/v2\/posts\/153217","targetHints":{"allow":["GET"]}}],"collection":[{"href":"https:\/\/www.radioluna.it\/news\/wp-json\/wp\/v2\/posts"}],"about":[{"href":"https:\/\/www.radioluna.it\/news\/wp-json\/wp\/v2\/types\/post"}],"author":[{"embeddable":true,"href":"https:\/\/www.radioluna.it\/news\/wp-json\/wp\/v2\/users\/60"}],"replies":[{"embeddable":true,"href":"https:\/\/www.radioluna.it\/news\/wp-json\/wp\/v2\/comments?post=153217"}],"version-history":[{"count":0,"href":"https:\/\/www.radioluna.it\/news\/wp-json\/wp\/v2\/posts\/153217\/revisions"}],"wp:featuredmedia":[{"embeddable":true,"href":"https:\/\/www.radioluna.it\/news\/wp-json\/wp\/v2\/media\/153218"}],"wp:attachment":[{"href":"https:\/\/www.radioluna.it\/news\/wp-json\/wp\/v2\/media?parent=153217"}],"wp:term":[{"taxonomy":"category","embeddable":true,"href":"https:\/\/www.radioluna.it\/news\/wp-json\/wp\/v2\/categories?post=153217"},{"taxonomy":"post_tag","embeddable":true,"href":"https:\/\/www.radioluna.it\/news\/wp-json\/wp\/v2\/tags?post=153217"}],"curies":[{"name":"wp","href":"https:\/\/api.w.org\/{rel}","templated":true}]}}